{"id":22737,"date":"2024-02-16T13:03:40","date_gmt":"2024-02-16T12:03:40","guid":{"rendered":"https:\/\/insurlab-germany.com\/?p=22737"},"modified":"2024-02-16T13:14:38","modified_gmt":"2024-02-16T12:14:38","slug":"neuer-podcast-zum-insurlab-germany-jahr-2024","status":"publish","type":"post","link":"https:\/\/insurlab-germany.com\/de\/neuer-podcast-zum-insurlab-germany-jahr-2024\/","title":{"rendered":"Neuer Podcast zum InsurLab Germany Jahr 2024"},"content":{"rendered":"<p>Am Rosenmontag gab es eine ganz besondere Folge des <a href=\"https:\/\/www.linkedin.com\/company\/74345079\" target=\"_blank\" rel=\"noopener\">Insurance Monday<\/a> Podcast, denn unsere Gesch\u00e4ftsf\u00fchrerin Anna Kessler und Thomas Kuckelkorn, unser Senior Manager f\u00fcr Kommunikation und Marketing, haben darin \u00fcber das InsurLab Germany Jahr 2024 gesprochen.<\/p>\n<p>Heraus kamen spannende Insights zu unseren Themen und Formaten, Teaser zu angek\u00fcndigten Ver\u00f6ffentlichungen, Neuigkeiten zur insureNXT und Vieles mehr. Interessante Erkenntnisse also sowohl f\u00fcr Mitglieder als auch f\u00fcr potentielle Mitglieder &#8211; das solltet ihr nicht verpassen!<\/p>\n<a href='https:\/\/linktr.ee\/insurancemonday' class='small-button smalllightblue'>Hier geht&#8217;s zum Podcast!<\/a>\n<p>&nbsp;<\/p>\n","protected":false},"excerpt":{"rendered":"<p>Am Rosenmontag gab es eine ganz besondere Folge des Insurance Monday Podcast, denn unsere Gesch\u00e4ftsf\u00fchrerin Anna Kessler und Thomas Kuckelkorn, unser Senior Manager f\u00fcr Kommunikation und Marketing, haben darin \u00fcber das InsurLab Germany Jahr 2024 gesprochen. Heraus kamen spannende Insights zu unseren Themen und Formaten, Teaser zu angek\u00fcndigten Ver\u00f6ffentlichungen, Neuigkeiten zur insureNXT und Vieles mehr. [&hellip;]<\/p>\n","protected":false},"author":7,"featured_media":22745,"comment_status":"closed","ping_status":"open","sticky":false,"template":"","format":"standard","meta":{"_et_pb_use_builder":"","_et_pb_old_content":"","_et_gb_content_width":"","content-type":"","footnotes":""},"categories":[303],"tags":[],"class_list":["post-22737","post","type-post","status-publish","format-standard","has-post-thumbnail","hentry","category-podcasts"],"yoast_head":"<!-- This site is optimized with the Yoast SEO plugin v27.5 - https:\/\/yoast.com\/product\/yoast-seo-wordpress\/ -->\n<title>Neuer Podcast zum InsurLab Germany Jahr 2024 - InsurLab Germany<\/title>\n<meta name=\"description\" content=\"In dieser Folge des Insurance Monday Podcast geben Anna Kessler und Thomas Kuckelkorn Einblicke in das Jahresprogramm des InsurLab Germany!\" \/>\n<meta name=\"robots\" content=\"index, follow, max-snippet:-1, max-image-preview:large, max-video-preview:-1\" \/>\n<link rel=\"canonical\" href=\"https:\/\/insurlab-germany.com\/de\/neuer-podcast-zum-insurlab-germany-jahr-2024\/\" \/>\n<meta property=\"og:locale\" content=\"de_DE\" \/>\n<meta property=\"og:type\" content=\"article\" \/>\n<meta property=\"og:title\" content=\"Neuer Podcast zum InsurLab Germany Jahr 2024 - InsurLab Germany\" \/>\n<meta property=\"og:description\" content=\"In dieser Folge des Insurance Monday Podcast geben Anna Kessler und Thomas Kuckelkorn Einblicke in das Jahresprogramm des InsurLab Germany!\" \/>\n<meta property=\"og:url\" content=\"https:\/\/insurlab-germany.com\/de\/neuer-podcast-zum-insurlab-germany-jahr-2024\/\" \/>\n<meta property=\"og:site_name\" content=\"InsurLab Germany\" \/>\n<meta property=\"article:publisher\" content=\"https:\/\/www.facebook.com\/InsurLabGermany\/\" \/>\n<meta property=\"article:author\" content=\"https:\/\/www.facebook.com\/ThomasKuckelkorn81\/\" \/>\n<meta property=\"article:published_time\" content=\"2024-02-16T12:03:40+00:00\" \/>\n<meta property=\"article:modified_time\" content=\"2024-02-16T12:14:38+00:00\" \/>\n<meta property=\"og:image\" content=\"https:\/\/insurlab-germany.com\/wp-content\/uploads\/2024\/02\/inmo_kickoff2024.jpg\" \/>\n\t<meta property=\"og:image:width\" content=\"800\" \/>\n\t<meta property=\"og:image:height\" content=\"450\" \/>\n\t<meta property=\"og:image:type\" content=\"image\/jpeg\" \/>\n<meta name=\"author\" content=\"Thomas Kuckelkorn\" \/>\n<meta name=\"twitter:card\" content=\"summary_large_image\" \/>\n<meta name=\"twitter:creator\" content=\"@InsurLabDE\" \/>\n<meta name=\"twitter:site\" content=\"@InsurLabDE\" \/>\n<meta name=\"twitter:label1\" content=\"Verfasst von\" \/>\n\t<meta name=\"twitter:data1\" content=\"Thomas Kuckelkorn\" \/>\n\t<meta name=\"twitter:label2\" content=\"Gesch\u00e4tzte Lesezeit\" \/>\n\t<meta name=\"twitter:data2\" content=\"1\u00a0Minute\" \/>\n<script type=\"application\/ld+json\" class=\"yoast-schema-graph\">{\"@context\":\"https:\\\/\\\/schema.org\",\"@graph\":[{\"@type\":\"Article\",\"@id\":\"https:\\\/\\\/insurlab-germany.com\\\/neuer-podcast-zum-insurlab-germany-jahr-2024\\\/#article\",\"isPartOf\":{\"@id\":\"https:\\\/\\\/insurlab-germany.com\\\/neuer-podcast-zum-insurlab-germany-jahr-2024\\\/\"},\"author\":{\"name\":\"Thomas Kuckelkorn\",\"@id\":\"https:\\\/\\\/insurlab-germany.com\\\/#\\\/schema\\\/person\\\/fdd72798b0b3ac61bf4978982a7ab154\"},\"headline\":\"Neuer Podcast zum InsurLab Germany Jahr 2024\",\"datePublished\":\"2024-02-16T12:03:40+00:00\",\"dateModified\":\"2024-02-16T12:14:38+00:00\",\"mainEntityOfPage\":{\"@id\":\"https:\\\/\\\/insurlab-germany.com\\\/neuer-podcast-zum-insurlab-germany-jahr-2024\\\/\"},\"wordCount\":99,\"publisher\":{\"@id\":\"https:\\\/\\\/insurlab-germany.com\\\/#organization\"},\"image\":{\"@id\":\"https:\\\/\\\/insurlab-germany.com\\\/neuer-podcast-zum-insurlab-germany-jahr-2024\\\/#primaryimage\"},\"thumbnailUrl\":\"https:\\\/\\\/insurlab-germany.com\\\/wp-content\\\/uploads\\\/2024\\\/02\\\/inmo_kickoff2024.jpg\",\"articleSection\":[\"Podcasts\"],\"inLanguage\":\"de\"},{\"@type\":\"WebPage\",\"@id\":\"https:\\\/\\\/insurlab-germany.com\\\/neuer-podcast-zum-insurlab-germany-jahr-2024\\\/\",\"url\":\"https:\\\/\\\/insurlab-germany.com\\\/neuer-podcast-zum-insurlab-germany-jahr-2024\\\/\",\"name\":\"Neuer Podcast zum InsurLab Germany Jahr 2024 - InsurLab Germany\",\"isPartOf\":{\"@id\":\"https:\\\/\\\/insurlab-germany.com\\\/#website\"},\"primaryImageOfPage\":{\"@id\":\"https:\\\/\\\/insurlab-germany.com\\\/neuer-podcast-zum-insurlab-germany-jahr-2024\\\/#primaryimage\"},\"image\":{\"@id\":\"https:\\\/\\\/insurlab-germany.com\\\/neuer-podcast-zum-insurlab-germany-jahr-2024\\\/#primaryimage\"},\"thumbnailUrl\":\"https:\\\/\\\/insurlab-germany.com\\\/wp-content\\\/uploads\\\/2024\\\/02\\\/inmo_kickoff2024.jpg\",\"datePublished\":\"2024-02-16T12:03:40+00:00\",\"dateModified\":\"2024-02-16T12:14:38+00:00\",\"description\":\"In dieser Folge des Insurance Monday Podcast geben Anna Kessler und Thomas Kuckelkorn Einblicke in das Jahresprogramm des InsurLab Germany!\",\"breadcrumb\":{\"@id\":\"https:\\\/\\\/insurlab-germany.com\\\/neuer-podcast-zum-insurlab-germany-jahr-2024\\\/#breadcrumb\"},\"inLanguage\":\"de\",\"potentialAction\":[{\"@type\":\"ReadAction\",\"target\":[\"https:\\\/\\\/insurlab-germany.com\\\/neuer-podcast-zum-insurlab-germany-jahr-2024\\\/\"]}]},{\"@type\":\"ImageObject\",\"inLanguage\":\"de\",\"@id\":\"https:\\\/\\\/insurlab-germany.com\\\/neuer-podcast-zum-insurlab-germany-jahr-2024\\\/#primaryimage\",\"url\":\"https:\\\/\\\/insurlab-germany.com\\\/wp-content\\\/uploads\\\/2024\\\/02\\\/inmo_kickoff2024.jpg\",\"contentUrl\":\"https:\\\/\\\/insurlab-germany.com\\\/wp-content\\\/uploads\\\/2024\\\/02\\\/inmo_kickoff2024.jpg\",\"width\":800,\"height\":450,\"caption\":\"Insurance Monday Podcast zum Kick-off 2024\"},{\"@type\":\"BreadcrumbList\",\"@id\":\"https:\\\/\\\/insurlab-germany.com\\\/neuer-podcast-zum-insurlab-germany-jahr-2024\\\/#breadcrumb\",\"itemListElement\":[{\"@type\":\"ListItem\",\"position\":1,\"name\":\"Startseite\",\"item\":\"https:\\\/\\\/insurlab-germany.com\\\/de\\\/\"},{\"@type\":\"ListItem\",\"position\":2,\"name\":\"Neuer Podcast zum InsurLab Germany Jahr 2024\"}]},{\"@type\":\"WebSite\",\"@id\":\"https:\\\/\\\/insurlab-germany.com\\\/#website\",\"url\":\"https:\\\/\\\/insurlab-germany.com\\\/\",\"name\":\"InsurLab Germany\",\"description\":\"Let&#039;s #InnovateInsurance!\",\"publisher\":{\"@id\":\"https:\\\/\\\/insurlab-germany.com\\\/#organization\"},\"potentialAction\":[{\"@type\":\"SearchAction\",\"target\":{\"@type\":\"EntryPoint\",\"urlTemplate\":\"https:\\\/\\\/insurlab-germany.com\\\/?s={search_term_string}\"},\"query-input\":{\"@type\":\"PropertyValueSpecification\",\"valueRequired\":true,\"valueName\":\"search_term_string\"}}],\"inLanguage\":\"de\"},{\"@type\":\"Organization\",\"@id\":\"https:\\\/\\\/insurlab-germany.com\\\/#organization\",\"name\":\"InsurLab Germany\",\"url\":\"https:\\\/\\\/insurlab-germany.com\\\/\",\"logo\":{\"@type\":\"ImageObject\",\"inLanguage\":\"de\",\"@id\":\"https:\\\/\\\/insurlab-germany.com\\\/#\\\/schema\\\/logo\\\/image\\\/\",\"url\":\"https:\\\/\\\/insurlab-germany.com\\\/wp-content\\\/uploads\\\/2022\\\/03\\\/website_logo_ohnelink.png\",\"contentUrl\":\"https:\\\/\\\/insurlab-germany.com\\\/wp-content\\\/uploads\\\/2022\\\/03\\\/website_logo_ohnelink.png\",\"width\":640,\"height\":245,\"caption\":\"InsurLab Germany\"},\"image\":{\"@id\":\"https:\\\/\\\/insurlab-germany.com\\\/#\\\/schema\\\/logo\\\/image\\\/\"},\"sameAs\":[\"https:\\\/\\\/www.facebook.com\\\/InsurLabGermany\\\/\",\"https:\\\/\\\/x.com\\\/InsurLabDE\",\"https:\\\/\\\/www.instagram.com\\\/insurlab_germany\\\/\",\"https:\\\/\\\/www.linkedin.com\\\/company\\\/insurlab-germany-e-v\"]},{\"@type\":\"Person\",\"@id\":\"https:\\\/\\\/insurlab-germany.com\\\/#\\\/schema\\\/person\\\/fdd72798b0b3ac61bf4978982a7ab154\",\"name\":\"Thomas Kuckelkorn\",\"image\":{\"@type\":\"ImageObject\",\"inLanguage\":\"de\",\"@id\":\"https:\\\/\\\/secure.gravatar.com\\\/avatar\\\/fbbb6fb505faf1691f8fefe4506f2c15a403d4c14f73718be0d40a1208950175?s=96&d=mm&r=g\",\"url\":\"https:\\\/\\\/secure.gravatar.com\\\/avatar\\\/fbbb6fb505faf1691f8fefe4506f2c15a403d4c14f73718be0d40a1208950175?s=96&d=mm&r=g\",\"contentUrl\":\"https:\\\/\\\/secure.gravatar.com\\\/avatar\\\/fbbb6fb505faf1691f8fefe4506f2c15a403d4c14f73718be0d40a1208950175?s=96&d=mm&r=g\",\"caption\":\"Thomas Kuckelkorn\"},\"description\":\"Senior Manager Kommunikation, Marketing und Events beim InsurLab Germany e.V.\",\"sameAs\":[\"https:\\\/\\\/insurlab-germany.com\",\"https:\\\/\\\/www.facebook.com\\\/ThomasKuckelkorn81\\\/\",\"https:\\\/\\\/www.instagram.com\\\/t_kuckelkorn\\\/\",\"https:\\\/\\\/www.linkedin.com\\\/in\\\/thomaskuckelkorn\\\/\"],\"url\":\"https:\\\/\\\/insurlab-germany.com\\\/de\\\/author\\\/insurlab\\\/\"}]}<\/script>\n<!-- \/ Yoast SEO plugin. -->","yoast_head_json":{"title":"Neuer Podcast zum InsurLab Germany Jahr 2024 - InsurLab Germany","description":"In dieser Folge des Insurance Monday Podcast geben Anna Kessler und Thomas Kuckelkorn Einblicke in das Jahresprogramm des InsurLab Germany!","robots":{"index":"index","follow":"follow","max-snippet":"max-snippet:-1","max-image-preview":"max-image-preview:large","max-video-preview":"max-video-preview:-1"},"canonical":"https:\/\/insurlab-germany.com\/de\/neuer-podcast-zum-insurlab-germany-jahr-2024\/","og_locale":"de_DE","og_type":"article","og_title":"Neuer Podcast zum InsurLab Germany Jahr 2024 - InsurLab Germany","og_description":"In dieser Folge des Insurance Monday Podcast geben Anna Kessler und Thomas Kuckelkorn Einblicke in das Jahresprogramm des InsurLab Germany!","og_url":"https:\/\/insurlab-germany.com\/de\/neuer-podcast-zum-insurlab-germany-jahr-2024\/","og_site_name":"InsurLab Germany","article_publisher":"https:\/\/www.facebook.com\/InsurLabGermany\/","article_author":"https:\/\/www.facebook.com\/ThomasKuckelkorn81\/","article_published_time":"2024-02-16T12:03:40+00:00","article_modified_time":"2024-02-16T12:14:38+00:00","og_image":[{"width":800,"height":450,"url":"https:\/\/insurlab-germany.com\/wp-content\/uploads\/2024\/02\/inmo_kickoff2024.jpg","type":"image\/jpeg"}],"author":"Thomas Kuckelkorn","twitter_card":"summary_large_image","twitter_creator":"@InsurLabDE","twitter_site":"@InsurLabDE","twitter_misc":{"Verfasst von":"Thomas Kuckelkorn","Gesch\u00e4tzte Lesezeit":"1\u00a0Minute"},"schema":{"@context":"https:\/\/schema.org","@graph":[{"@type":"Article","@id":"https:\/\/insurlab-germany.com\/neuer-podcast-zum-insurlab-germany-jahr-2024\/#article","isPartOf":{"@id":"https:\/\/insurlab-germany.com\/neuer-podcast-zum-insurlab-germany-jahr-2024\/"},"author":{"name":"Thomas Kuckelkorn","@id":"https:\/\/insurlab-germany.com\/#\/schema\/person\/fdd72798b0b3ac61bf4978982a7ab154"},"headline":"Neuer Podcast zum InsurLab Germany Jahr 2024","datePublished":"2024-02-16T12:03:40+00:00","dateModified":"2024-02-16T12:14:38+00:00","mainEntityOfPage":{"@id":"https:\/\/insurlab-germany.com\/neuer-podcast-zum-insurlab-germany-jahr-2024\/"},"wordCount":99,"publisher":{"@id":"https:\/\/insurlab-germany.com\/#organization"},"image":{"@id":"https:\/\/insurlab-germany.com\/neuer-podcast-zum-insurlab-germany-jahr-2024\/#primaryimage"},"thumbnailUrl":"https:\/\/insurlab-germany.com\/wp-content\/uploads\/2024\/02\/inmo_kickoff2024.jpg","articleSection":["Podcasts"],"inLanguage":"de"},{"@type":"WebPage","@id":"https:\/\/insurlab-germany.com\/neuer-podcast-zum-insurlab-germany-jahr-2024\/","url":"https:\/\/insurlab-germany.com\/neuer-podcast-zum-insurlab-germany-jahr-2024\/","name":"Neuer Podcast zum InsurLab Germany Jahr 2024 - InsurLab Germany","isPartOf":{"@id":"https:\/\/insurlab-germany.com\/#website"},"primaryImageOfPage":{"@id":"https:\/\/insurlab-germany.com\/neuer-podcast-zum-insurlab-germany-jahr-2024\/#primaryimage"},"image":{"@id":"https:\/\/insurlab-germany.com\/neuer-podcast-zum-insurlab-germany-jahr-2024\/#primaryimage"},"thumbnailUrl":"https:\/\/insurlab-germany.com\/wp-content\/uploads\/2024\/02\/inmo_kickoff2024.jpg","datePublished":"2024-02-16T12:03:40+00:00","dateModified":"2024-02-16T12:14:38+00:00","description":"In dieser Folge des Insurance Monday Podcast geben Anna Kessler und Thomas Kuckelkorn Einblicke in das Jahresprogramm des InsurLab Germany!","breadcrumb":{"@id":"https:\/\/insurlab-germany.com\/neuer-podcast-zum-insurlab-germany-jahr-2024\/#breadcrumb"},"inLanguage":"de","potentialAction":[{"@type":"ReadAction","target":["https:\/\/insurlab-germany.com\/neuer-podcast-zum-insurlab-germany-jahr-2024\/"]}]},{"@type":"ImageObject","inLanguage":"de","@id":"https:\/\/insurlab-germany.com\/neuer-podcast-zum-insurlab-germany-jahr-2024\/#primaryimage","url":"https:\/\/insurlab-germany.com\/wp-content\/uploads\/2024\/02\/inmo_kickoff2024.jpg","contentUrl":"https:\/\/insurlab-germany.com\/wp-content\/uploads\/2024\/02\/inmo_kickoff2024.jpg","width":800,"height":450,"caption":"Insurance Monday Podcast zum Kick-off 2024"},{"@type":"BreadcrumbList","@id":"https:\/\/insurlab-germany.com\/neuer-podcast-zum-insurlab-germany-jahr-2024\/#breadcrumb","itemListElement":[{"@type":"ListItem","position":1,"name":"Startseite","item":"https:\/\/insurlab-germany.com\/de\/"},{"@type":"ListItem","position":2,"name":"Neuer Podcast zum InsurLab Germany Jahr 2024"}]},{"@type":"WebSite","@id":"https:\/\/insurlab-germany.com\/#website","url":"https:\/\/insurlab-germany.com\/","name":"InsurLab Germany","description":"Let&#039;s #InnovateInsurance!","publisher":{"@id":"https:\/\/insurlab-germany.com\/#organization"},"potentialAction":[{"@type":"SearchAction","target":{"@type":"EntryPoint","urlTemplate":"https:\/\/insurlab-germany.com\/?s={search_term_string}"},"query-input":{"@type":"PropertyValueSpecification","valueRequired":true,"valueName":"search_term_string"}}],"inLanguage":"de"},{"@type":"Organization","@id":"https:\/\/insurlab-germany.com\/#organization","name":"InsurLab Germany","url":"https:\/\/insurlab-germany.com\/","logo":{"@type":"ImageObject","inLanguage":"de","@id":"https:\/\/insurlab-germany.com\/#\/schema\/logo\/image\/","url":"https:\/\/insurlab-germany.com\/wp-content\/uploads\/2022\/03\/website_logo_ohnelink.png","contentUrl":"https:\/\/insurlab-germany.com\/wp-content\/uploads\/2022\/03\/website_logo_ohnelink.png","width":640,"height":245,"caption":"InsurLab Germany"},"image":{"@id":"https:\/\/insurlab-germany.com\/#\/schema\/logo\/image\/"},"sameAs":["https:\/\/www.facebook.com\/InsurLabGermany\/","https:\/\/x.com\/InsurLabDE","https:\/\/www.instagram.com\/insurlab_germany\/","https:\/\/www.linkedin.com\/company\/insurlab-germany-e-v"]},{"@type":"Person","@id":"https:\/\/insurlab-germany.com\/#\/schema\/person\/fdd72798b0b3ac61bf4978982a7ab154","name":"Thomas Kuckelkorn","image":{"@type":"ImageObject","inLanguage":"de","@id":"https:\/\/secure.gravatar.com\/avatar\/fbbb6fb505faf1691f8fefe4506f2c15a403d4c14f73718be0d40a1208950175?s=96&d=mm&r=g","url":"https:\/\/secure.gravatar.com\/avatar\/fbbb6fb505faf1691f8fefe4506f2c15a403d4c14f73718be0d40a1208950175?s=96&d=mm&r=g","contentUrl":"https:\/\/secure.gravatar.com\/avatar\/fbbb6fb505faf1691f8fefe4506f2c15a403d4c14f73718be0d40a1208950175?s=96&d=mm&r=g","caption":"Thomas Kuckelkorn"},"description":"Senior Manager Kommunikation, Marketing und Events beim InsurLab Germany e.V.","sameAs":["https:\/\/insurlab-germany.com","https:\/\/www.facebook.com\/ThomasKuckelkorn81\/","https:\/\/www.instagram.com\/t_kuckelkorn\/","https:\/\/www.linkedin.com\/in\/thomaskuckelkorn\/"],"url":"https:\/\/insurlab-germany.com\/de\/author\/insurlab\/"}]}},"_links":{"self":[{"href":"https:\/\/insurlab-germany.com\/de\/wp-json\/wp\/v2\/posts\/22737","targetHints":{"allow":["GET"]}}],"collection":[{"href":"https:\/\/insurlab-germany.com\/de\/wp-json\/wp\/v2\/posts"}],"about":[{"href":"https:\/\/insurlab-germany.com\/de\/wp-json\/wp\/v2\/types\/post"}],"author":[{"embeddable":true,"href":"https:\/\/insurlab-germany.com\/de\/wp-json\/wp\/v2\/users\/7"}],"replies":[{"embeddable":true,"href":"https:\/\/insurlab-germany.com\/de\/wp-json\/wp\/v2\/comments?post=22737"}],"version-history":[{"count":4,"href":"https:\/\/insurlab-germany.com\/de\/wp-json\/wp\/v2\/posts\/22737\/revisions"}],"predecessor-version":[{"id":22741,"href":"https:\/\/insurlab-germany.com\/de\/wp-json\/wp\/v2\/posts\/22737\/revisions\/22741"}],"wp:featuredmedia":[{"embeddable":true,"href":"https:\/\/insurlab-germany.com\/de\/wp-json\/wp\/v2\/media\/22745"}],"wp:attachment":[{"href":"https:\/\/insurlab-germany.com\/de\/wp-json\/wp\/v2\/media?parent=22737"}],"wp:term":[{"taxonomy":"category","embeddable":true,"href":"https:\/\/insurlab-germany.com\/de\/wp-json\/wp\/v2\/categories?post=22737"},{"taxonomy":"post_tag","embeddable":true,"href":"https:\/\/insurlab-germany.com\/de\/wp-json\/wp\/v2\/tags?post=22737"}],"curies":[{"name":"wp","href":"https:\/\/api.w.org\/{rel}","templated":true}]}}