{"id":2348,"date":"2019-03-19T18:37:49","date_gmt":"2019-03-19T17:37:49","guid":{"rendered":"https:\/\/insurlab-germany.com\/?p=2348"},"modified":"2022-08-18T13:57:05","modified_gmt":"2022-08-18T11:57:05","slug":"mailo-erhaelt-bafin-lizenz-insurlab-germany-im-interview-mit-den-gruendern","status":"publish","type":"post","link":"https:\/\/insurlab-germany.com\/de\/mailo-erhaelt-bafin-lizenz-insurlab-germany-im-interview-mit-den-gruendern\/","title":{"rendered":"Mailo erh\u00e4lt BaFin Lizenz | InsurLab Germany im Interview mit den Gr\u00fcndern"},"content":{"rendered":"<p><em>Vor zwei Jahren gr\u00fcndeten Sten Nahrgang, Armin Molla und Dr. Matthias Uebig das Startup Mailo &#8211; einer Gewerbeversicherung f\u00fcr Selbstst\u00e4ndige und Kleinunternehmen. Vor kurzem konnten sie bekannt geben, dass sie nun die BaFin Lizenz erhalten haben.\u00a0 <\/em><br \/>\n<em>Das Trio erz\u00e4hlt uns in einem spannenden Interview, wie sich der Weg zur BaFin Lizenz gestaltete, was sie ihrer Zielgruppe nun bieten k\u00f6nnen und welche Ziele sie sich f\u00fcr 2019 gesetzt haben. Zudem haben sie auch einen eindeutigen Tipp f\u00fcr Gr\u00fcnder, die ebenfalls auf die BaFin Lizenz hoffen. <\/em><br \/>\n<strong>Was verbirgt sich hinter der mailo Versicherung AG?\u00a0 <\/strong><br \/>\n<em>Sten Nahrgang:<\/em> mailo ist der neue Unternehmerversicherer f\u00fcr die Arbeitswelt 4.0 in Deutschland. Wir bauen die Gewerbeversicherung der Zukunft f\u00fcr Freelancer, Selbstst\u00e4ndige und Kleinunternehmen, so wie sie sie brauchen: einfach, digital, flexibel. Und genau so wollen wir sie versichern. Ob Blogger, Online-H\u00e4ndler oder Startup \u2013 wir kennen die Risiken unserer Zielkunden\u00a0 und sichern sie passgenau ab.<br \/>\nmailo ist ein junges und hoch innovatives Versicherungsunternehmen, hinter dem ein Netzwerk von starken, etablierten und erfahrenen Partnern und Kapitalgebern steht. Zum einen sind das die renommierten R\u00fcckversicherer Munich Re und Deutsche R\u00fcck, die mailo neben einem ma\u00dfgeschneiderten R\u00fcckversicherungsprogramm auch mit ihrer Expertise unterst\u00fctzen. Zum anderen hat mailo finanzstarke Unternehmer gewinnen k\u00f6nnen, die privates Kapital und ihre unternehmerische Erfahrung einbringen.<br \/>\n<strong>Ihr habt jetzt die BaFin-Lizenz erhalten. Wie gestaltete sich der Weg bis dorthin? <\/strong><br \/>\n<em>Dr. Matthias Uebing:<\/em> Der Weg bis zum Erhalt der BaFin-Lizenz war nat\u00fcrlich sehr arbeitsintensiv. Aber diese intensive Arbeit war absolut notwendig und sinnvoll und hat uns hervorragend auf den Marktstart und den Betrieb eines Versicherers vorbereitet. Wir haben die BaFin im Verlauf das Zulassungsprozesses als einen sehr sachlich-kritischen, aber auch konstruktiven und vom Kunden und Markt denkenden Diskussionspartner kennengelernt. Unser Eindruck war und ist, dass die BaFin \u2013 trotz der hartn\u00e4ckigen sachlichen und fachlichen Diskussion \u2013 unserem Vorhaben wohlwollend gegen\u00fcberstand. Und: die vermeintliche Notwendigkeit der \u201eLieferung einer LKW-Ladung Unterlagen\u201c ist ein Mythos. Es sind nat\u00fcrlich eine Reihe von Dokumenten zu erstellen, von Strategiepapieren, Leitlinien, einem Gesch\u00e4ftsplan bis zum Vertragswerk mit k\u00fcnftigen Gesch\u00e4ftspartnern. Im Vordergrund des Zulassungsprozesses steht aber eindeutig die Fundiertheit und Qualit\u00e4t der eingereichten Unterlagen, die Ernsthaftigkeit und viel Arbeit erfordern.<br \/>\n<strong>Was bietet ihr eurer Zielgruppe genau? <\/strong><br \/>\n<em>Armin Molla:<\/em> mailo geht mit einem ganz klaren Konzept an den Markt: 100% Gewerbegesch\u00e4ft mit dem Fokus auf Freelancer, Selbstst\u00e4ndige und Kleinunternehmer.<br \/>\nWir wollen f\u00fcr unsere Kunden Probleme l\u00f6sen. Und wir wissen aus Erfahrung, dass viele von ihnen unterversichert sind, weil sie keine passende Versicherungsl\u00f6sung finden. Denn der Versicherungsbedarf dieser Kundengruppen hat sich in den letzten Jahren deutlich ver\u00e4ndert. Experten gehen davon aus, dass bis zu 50% der existenzgef\u00e4hrdenden Risiken in diesem Segment nicht ausreichend versichert sind.<br \/>\nGleichzeitig w\u00e4chst das Segment der Freelancer und Selbstst\u00e4ndigen sehr stark. Im Zuge der Digitalisierung entwickeln sich v\u00f6llig neue Berufswelten, mit neuen Risikoprofilen. F\u00fcr unsere Kunden spielt eher die Sorge vor einer Abmahnung, einer Cyberattacke oder einem Versto\u00df gegen die DSGVO eine Rolle, als die vor einem klassischen Brand oder Wasserschaden.<br \/>\nUnser Ziel ist es, unseren Kunden einen rundum beruflichen Existenzschutz zu bieten- Betriebshaftpflicht, Verm\u00f6genschadenhaftpflicht, Sach-Inhalt, Cyber und Rechtsschutz. Unser bedarfsgerechtes Angebot kann dabei einfach und schnell angepasst und voll digital abgeschlossen werden.<br \/>\nUnsere ersten Produkte zum Marktstart sind passgenaue Versicherungsl\u00f6sungen, die wir durch entsprechende Methoden gestalten. Um die W\u00fcnsche und Bed\u00fcrfnisse unserer Kunden wirklich zu verstehen, arbeiten wir mit Design Thinking-Ans\u00e4tzen. So bauen wir wirklich passgenaue L\u00f6sungen. Diese k\u00f6nnen dann sowohl als \u201eKomplettl\u00f6sungen\u201c \u2013 als Multiline-Produkte \u2013 bezogen werden oder auch einzelnen, je nach Kundenwunsch. Au\u00dferdem sind unsere Produkte t\u00e4glich k\u00fcndbar und gliedern sich durch den modularen Aufbau einfach und transparent in jede vorhandene Versichertensituation ein.<br \/>\nZus\u00e4tzlich bieten wir in Kooperation mit Partnern Services an, die \u00fcber reine Versicherungen hinausgehen, zum Beispiel unseren Quick-Check zu DSGVO-Compliance.<br \/>\n<strong>Was biete 2019 alles f\u00fcr euch, was ist geplant? <\/strong><br \/>\n<em>Armin Molla:<\/em> Nach der BaFin Zulassung, widmen wir uns in 2019 voll und ganz unseren Zielkunden und Vertriebspartnern, sowie der Verbesserung und Weiterentwicklung unserer Technologie und Organisation. Wir haben ambitionierte Wachstumsziele bez\u00fcglich der Gewinnung von Vertriebspartnern, Zielkunden und Pr\u00e4mieneinnahmen. Bis Jahresende wollen wir uns bei unseren Zielkunden und Vertriebspartnern als kunden-, leistungs- und serviceorientierter Dienstleister und Gewerbespezialist positionieren. Nur wenn unsere Zielkunden und Vertriebspartner uns so positiv wahrnehmen, werden wir die ambitionierten Wachstumsziele auch erreichen und eine echte win-win-win-Situation herbeif\u00fchren: f\u00fcr unsere Kunden, f\u00fcr unsere Partner und f\u00fcr mailo als Marke und Unternehmen.<br \/>\n<strong>Welche Tipps habt ihr f\u00fcr Gr\u00fcnder, die ebenfalls das gro\u00dfe Ziel verfolgen, eine BaFin-Lizenz zu erhalten? <\/strong><br \/>\n<em>Dr. Matthias Uebing: <\/em>Wagt es! Wenn Ihr ein gutes Gesch\u00e4ftsmodell habt, mit einer guten Abdeckung des Kundenbedarfs, einem fundierten Gesch\u00e4ftsplan, sowie einer realistischen Aussicht und einer erforderlichen gew\u00e4hrleisteten Kapitalausstattung, dann wagt es! Zwischen Euch und der Zulassung stehen im Idealfall \u201enur\u201c ein intensiver Arbeitsprozess, der aber ohnehin zur Vorbereitung des Markteintritts notwendig ist. <strong>Never try, never win<\/strong>.<br \/>\n<strong>Was erhofft ihr euch zuk\u00fcnftig von InsurLab Germany und der Zusammenarbeit mit den Mitgliedern? <\/strong><br \/>\n<em>Sten Nahrgang:<\/em> Vom InsurLab Germany erhoffen wir uns auch weiterhin eine zentrale Anlaufstelle und einen aktiven Partner f\u00fcr den Austausch mit der Branche, das Gewinnen neuer Ideen und Partner und das Netzwerken in alle Richtungen. Wir freuen uns sehr, mit FINTLV auch einen israelischen Partner aus dem Netzwerk des InsurLabs als Investor gewonnen zu haben. Auf einen so fruchtbaren Austausch mit dem InsurLab und dem weiteren Netzwerk freuen wir uns auch weiterhin.<\/p>\n<p><em>FinTLV ist ein starker Partner des InsurLab Germany und investierte in Mailo. Gil Arazi, Founder and Managing Partner bei FinTLV, kennt Mitgr\u00fcnder Sten Nahrgang schon seit langem und freut sich sehr mit ihm und dem gesamten Mailo-Team \u00fcber die Entwicklung des Startups:<\/em><br \/>\n&#8220;Als mir Sten zum ersten Mal von der Idee hinter mailo erz\u00e4hlte, wusste ich bereits, dass das Unternehmen ein gro\u00dfer Erfolg werden wird. Ich kenne Sten seit vielen Jahren. Schon w\u00e4hrend unserer gemeinsamen Zeit bei der Generali habe ich seine Leistungen, sein unternehmerisches Verst\u00e4ndnis und seine Professionalit\u00e4t bewundert. Das gesamte mailo-Team ist ein absolutes &#8220;Dream-Team&#8221; an Experten, die einen gemeinsamen Traum verfolgen, ohne die Bodenhaftung zu verlieren und die halten k\u00f6nnen, was sie versprechen. Letztlich haben wir als Investoren ein tolles Unternehmen mit starken Werten gefunden, das ein faszinierendes Gesch\u00e4ftsmodell sowie einzigartige Produkte f\u00fcr den europ\u00e4ischen Versicherungsmarkt bietet.<br \/>\nDar\u00fcber hinaus werden die Synergien zwischen mailo und FinTLV es uns erm\u00f6glichen, gemeinsam nach neuen Technologien und M\u00e4rkten zu suchen, so wie wir es auch mit unserem gro\u00dfen Partner InsurLab Germany tun. Wir haben uns sehr gefreut, als Investoren in ihre Serie A-Runde dabei sein zu d\u00fcrfen und w\u00fcnschen dem mailo-Team viel Erfolg!&#8221;<\/p>\n<p><em><a href=\"https:\/\/insurlab-germany.com\/content\/uploads\/2019\/03\/pressemitteilung-mailo-versicherung-ag.pdf\">Die offizielle Presseinformation zum Thema finden Sie hier<\/a>.<br \/>\n<\/em><\/p>\n","protected":false},"excerpt":{"rendered":"<p>Vor zwei Jahren gr\u00fcndeten Sten Nahrgang, Armin Molla und Dr. Matthias Uebig das Startup Mailo &#8211; einer Gewerbeversicherung f\u00fcr Selbstst\u00e4ndige und Kleinunternehmen. Vor kurzem konnten sie bekannt geben, dass sie nun die BaFin Lizenz erhalten haben.<br \/>\nDas Trio erz\u00e4hlt uns in einem spannenden Interview, wie sich der Weg zur BaFin Lizenz gestaltete, was sie ihrer Zielgruppe nun bieten k\u00f6nnen und welche Ziele sie sich f\u00fcr 2019 gesetzt haben. Zudem haben sie auch einen eindeutigen Tipp f\u00fcr Gr\u00fcnder, die ebenfalls auf die BaFin Lizenz hoffen. <\/p>\n","protected":false},"author":7,"featured_media":12170,"comment_status":"closed","ping_status":"open","sticky":false,"template":"","format":"standard","meta":{"_et_pb_use_builder":"","_et_pb_old_content":"","_et_gb_content_width":"","content-type":"","footnotes":""},"categories":[2,5],"tags":[],"class_list":["post-2348","post","type-post","status-publish","format-standard","has-post-thumbnail","hentry","category-blogbeitraege","category-news"],"yoast_head":"<!-- This site is optimized with the Yoast SEO plugin v27.4 - https:\/\/yoast.com\/product\/yoast-seo-wordpress\/ -->\n<title>Mailo erh\u00e4lt BaFin Lizenz | InsurLab Germany im Interview mit den Gr\u00fcndern - InsurLab Germany<\/title>\n<meta name=\"robots\" content=\"index, follow, max-snippet:-1, max-image-preview:large, max-video-preview:-1\" \/>\n<link rel=\"canonical\" href=\"https:\/\/insurlab-germany.com\/de\/mailo-erhaelt-bafin-lizenz-insurlab-germany-im-interview-mit-den-gruendern\/\" \/>\n<meta property=\"og:locale\" content=\"de_DE\" \/>\n<meta property=\"og:type\" content=\"article\" \/>\n<meta property=\"og:title\" content=\"Mailo erh\u00e4lt BaFin Lizenz | InsurLab Germany im Interview mit den Gr\u00fcndern - InsurLab Germany\" \/>\n<meta property=\"og:description\" content=\"Vor zwei Jahren gr\u00fcndeten Sten Nahrgang, Armin Molla und Dr. Matthias Uebig das Startup Mailo - einer Gewerbeversicherung f\u00fcr Selbstst\u00e4ndige und Kleinunternehmen. Vor kurzem konnten sie bekannt geben, dass sie nun die BaFin Lizenz erhalten haben. Das Trio erz\u00e4hlt uns in einem spannenden Interview, wie sich der Weg zur BaFin Lizenz gestaltete, was sie ihrer Zielgruppe nun bieten k\u00f6nnen und welche Ziele sie sich f\u00fcr 2019 gesetzt haben. Zudem haben sie auch einen eindeutigen Tipp f\u00fcr Gr\u00fcnder, die ebenfalls auf die BaFin Lizenz hoffen.\" \/>\n<meta property=\"og:url\" content=\"https:\/\/insurlab-germany.com\/de\/mailo-erhaelt-bafin-lizenz-insurlab-germany-im-interview-mit-den-gruendern\/\" \/>\n<meta property=\"og:site_name\" content=\"InsurLab Germany\" \/>\n<meta property=\"article:publisher\" content=\"https:\/\/www.facebook.com\/InsurLabGermany\/\" \/>\n<meta property=\"article:author\" content=\"https:\/\/www.facebook.com\/ThomasKuckelkorn81\/\" \/>\n<meta property=\"article:published_time\" content=\"2019-03-19T17:37:49+00:00\" \/>\n<meta property=\"article:modified_time\" content=\"2022-08-18T11:57:05+00:00\" \/>\n<meta property=\"og:image\" content=\"https:\/\/insurlab-germany.com\/wp-content\/uploads\/2019\/03\/foto_mailo-kopie-1-1024x691.png\" \/>\n\t<meta property=\"og:image:width\" content=\"1024\" \/>\n\t<meta property=\"og:image:height\" content=\"691\" \/>\n\t<meta property=\"og:image:type\" content=\"image\/png\" \/>\n<meta name=\"author\" content=\"Thomas Kuckelkorn\" \/>\n<meta name=\"twitter:card\" content=\"summary_large_image\" \/>\n<meta name=\"twitter:creator\" content=\"@InsurLabDE\" \/>\n<meta name=\"twitter:site\" content=\"@InsurLabDE\" \/>\n<meta name=\"twitter:label1\" content=\"Verfasst von\" \/>\n\t<meta name=\"twitter:data1\" content=\"Thomas Kuckelkorn\" \/>\n\t<meta name=\"twitter:label2\" content=\"Gesch\u00e4tzte Lesezeit\" \/>\n\t<meta name=\"twitter:data2\" content=\"6\u00a0Minuten\" \/>\n<script type=\"application\/ld+json\" class=\"yoast-schema-graph\">{\"@context\":\"https:\\\/\\\/schema.org\",\"@graph\":[{\"@type\":\"Article\",\"@id\":\"https:\\\/\\\/insurlab-germany.com\\\/de\\\/mailo-erhaelt-bafin-lizenz-insurlab-germany-im-interview-mit-den-gruendern\\\/#article\",\"isPartOf\":{\"@id\":\"https:\\\/\\\/insurlab-germany.com\\\/de\\\/mailo-erhaelt-bafin-lizenz-insurlab-germany-im-interview-mit-den-gruendern\\\/\"},\"author\":{\"name\":\"Thomas Kuckelkorn\",\"@id\":\"https:\\\/\\\/insurlab-germany.com\\\/#\\\/schema\\\/person\\\/fdd72798b0b3ac61bf4978982a7ab154\"},\"headline\":\"Mailo erh\u00e4lt BaFin Lizenz | InsurLab Germany im Interview mit den Gr\u00fcndern\",\"datePublished\":\"2019-03-19T17:37:49+00:00\",\"dateModified\":\"2022-08-18T11:57:05+00:00\",\"mainEntityOfPage\":{\"@id\":\"https:\\\/\\\/insurlab-germany.com\\\/de\\\/mailo-erhaelt-bafin-lizenz-insurlab-germany-im-interview-mit-den-gruendern\\\/\"},\"wordCount\":1156,\"publisher\":{\"@id\":\"https:\\\/\\\/insurlab-germany.com\\\/#organization\"},\"image\":{\"@id\":\"https:\\\/\\\/insurlab-germany.com\\\/de\\\/mailo-erhaelt-bafin-lizenz-insurlab-germany-im-interview-mit-den-gruendern\\\/#primaryimage\"},\"thumbnailUrl\":\"https:\\\/\\\/insurlab-germany.com\\\/wp-content\\\/uploads\\\/2019\\\/03\\\/foto_mailo-kopie-1.png\",\"articleSection\":[\"Blogbeitr\u00e4ge\",\"News\"],\"inLanguage\":\"de\"},{\"@type\":\"WebPage\",\"@id\":\"https:\\\/\\\/insurlab-germany.com\\\/de\\\/mailo-erhaelt-bafin-lizenz-insurlab-germany-im-interview-mit-den-gruendern\\\/\",\"url\":\"https:\\\/\\\/insurlab-germany.com\\\/de\\\/mailo-erhaelt-bafin-lizenz-insurlab-germany-im-interview-mit-den-gruendern\\\/\",\"name\":\"Mailo erh\u00e4lt BaFin Lizenz | InsurLab Germany im Interview mit den Gr\u00fcndern - InsurLab Germany\",\"isPartOf\":{\"@id\":\"https:\\\/\\\/insurlab-germany.com\\\/#website\"},\"primaryImageOfPage\":{\"@id\":\"https:\\\/\\\/insurlab-germany.com\\\/de\\\/mailo-erhaelt-bafin-lizenz-insurlab-germany-im-interview-mit-den-gruendern\\\/#primaryimage\"},\"image\":{\"@id\":\"https:\\\/\\\/insurlab-germany.com\\\/de\\\/mailo-erhaelt-bafin-lizenz-insurlab-germany-im-interview-mit-den-gruendern\\\/#primaryimage\"},\"thumbnailUrl\":\"https:\\\/\\\/insurlab-germany.com\\\/wp-content\\\/uploads\\\/2019\\\/03\\\/foto_mailo-kopie-1.png\",\"datePublished\":\"2019-03-19T17:37:49+00:00\",\"dateModified\":\"2022-08-18T11:57:05+00:00\",\"breadcrumb\":{\"@id\":\"https:\\\/\\\/insurlab-germany.com\\\/de\\\/mailo-erhaelt-bafin-lizenz-insurlab-germany-im-interview-mit-den-gruendern\\\/#breadcrumb\"},\"inLanguage\":\"de\",\"potentialAction\":[{\"@type\":\"ReadAction\",\"target\":[\"https:\\\/\\\/insurlab-germany.com\\\/de\\\/mailo-erhaelt-bafin-lizenz-insurlab-germany-im-interview-mit-den-gruendern\\\/\"]}]},{\"@type\":\"ImageObject\",\"inLanguage\":\"de\",\"@id\":\"https:\\\/\\\/insurlab-germany.com\\\/de\\\/mailo-erhaelt-bafin-lizenz-insurlab-germany-im-interview-mit-den-gruendern\\\/#primaryimage\",\"url\":\"https:\\\/\\\/insurlab-germany.com\\\/wp-content\\\/uploads\\\/2019\\\/03\\\/foto_mailo-kopie-1.png\",\"contentUrl\":\"https:\\\/\\\/insurlab-germany.com\\\/wp-content\\\/uploads\\\/2019\\\/03\\\/foto_mailo-kopie-1.png\",\"width\":3000,\"height\":2025,\"caption\":\"Mailo\"},{\"@type\":\"BreadcrumbList\",\"@id\":\"https:\\\/\\\/insurlab-germany.com\\\/de\\\/mailo-erhaelt-bafin-lizenz-insurlab-germany-im-interview-mit-den-gruendern\\\/#breadcrumb\",\"itemListElement\":[{\"@type\":\"ListItem\",\"position\":1,\"name\":\"Startseite\",\"item\":\"https:\\\/\\\/insurlab-germany.com\\\/de\\\/\"},{\"@type\":\"ListItem\",\"position\":2,\"name\":\"Mailo erh\u00e4lt BaFin Lizenz | InsurLab Germany im Interview mit den Gr\u00fcndern\"}]},{\"@type\":\"WebSite\",\"@id\":\"https:\\\/\\\/insurlab-germany.com\\\/#website\",\"url\":\"https:\\\/\\\/insurlab-germany.com\\\/\",\"name\":\"InsurLab Germany\",\"description\":\"Let&#039;s #InnovateInsurance!\",\"publisher\":{\"@id\":\"https:\\\/\\\/insurlab-germany.com\\\/#organization\"},\"potentialAction\":[{\"@type\":\"SearchAction\",\"target\":{\"@type\":\"EntryPoint\",\"urlTemplate\":\"https:\\\/\\\/insurlab-germany.com\\\/?s={search_term_string}\"},\"query-input\":{\"@type\":\"PropertyValueSpecification\",\"valueRequired\":true,\"valueName\":\"search_term_string\"}}],\"inLanguage\":\"de\"},{\"@type\":\"Organization\",\"@id\":\"https:\\\/\\\/insurlab-germany.com\\\/#organization\",\"name\":\"InsurLab Germany\",\"url\":\"https:\\\/\\\/insurlab-germany.com\\\/\",\"logo\":{\"@type\":\"ImageObject\",\"inLanguage\":\"de\",\"@id\":\"https:\\\/\\\/insurlab-germany.com\\\/#\\\/schema\\\/logo\\\/image\\\/\",\"url\":\"https:\\\/\\\/insurlab-germany.com\\\/wp-content\\\/uploads\\\/2022\\\/03\\\/website_logo_ohnelink.png\",\"contentUrl\":\"https:\\\/\\\/insurlab-germany.com\\\/wp-content\\\/uploads\\\/2022\\\/03\\\/website_logo_ohnelink.png\",\"width\":640,\"height\":245,\"caption\":\"InsurLab Germany\"},\"image\":{\"@id\":\"https:\\\/\\\/insurlab-germany.com\\\/#\\\/schema\\\/logo\\\/image\\\/\"},\"sameAs\":[\"https:\\\/\\\/www.facebook.com\\\/InsurLabGermany\\\/\",\"https:\\\/\\\/x.com\\\/InsurLabDE\",\"https:\\\/\\\/www.instagram.com\\\/insurlab_germany\\\/\",\"https:\\\/\\\/www.linkedin.com\\\/company\\\/insurlab-germany-e-v\"]},{\"@type\":\"Person\",\"@id\":\"https:\\\/\\\/insurlab-germany.com\\\/#\\\/schema\\\/person\\\/fdd72798b0b3ac61bf4978982a7ab154\",\"name\":\"Thomas Kuckelkorn\",\"image\":{\"@type\":\"ImageObject\",\"inLanguage\":\"de\",\"@id\":\"https:\\\/\\\/secure.gravatar.com\\\/avatar\\\/fbbb6fb505faf1691f8fefe4506f2c15a403d4c14f73718be0d40a1208950175?s=96&d=mm&r=g\",\"url\":\"https:\\\/\\\/secure.gravatar.com\\\/avatar\\\/fbbb6fb505faf1691f8fefe4506f2c15a403d4c14f73718be0d40a1208950175?s=96&d=mm&r=g\",\"contentUrl\":\"https:\\\/\\\/secure.gravatar.com\\\/avatar\\\/fbbb6fb505faf1691f8fefe4506f2c15a403d4c14f73718be0d40a1208950175?s=96&d=mm&r=g\",\"caption\":\"Thomas Kuckelkorn\"},\"description\":\"Senior Manager Kommunikation, Marketing und Events beim InsurLab Germany e.V.\",\"sameAs\":[\"https:\\\/\\\/insurlab-germany.com\",\"https:\\\/\\\/www.facebook.com\\\/ThomasKuckelkorn81\\\/\",\"https:\\\/\\\/www.instagram.com\\\/t_kuckelkorn\\\/\",\"https:\\\/\\\/www.linkedin.com\\\/in\\\/thomaskuckelkorn\\\/\"],\"url\":\"https:\\\/\\\/insurlab-germany.com\\\/de\\\/author\\\/insurlab\\\/\"}]}<\/script>\n<!-- \/ Yoast SEO plugin. -->","yoast_head_json":{"title":"Mailo erh\u00e4lt BaFin Lizenz | InsurLab Germany im Interview mit den Gr\u00fcndern - InsurLab Germany","robots":{"index":"index","follow":"follow","max-snippet":"max-snippet:-1","max-image-preview":"max-image-preview:large","max-video-preview":"max-video-preview:-1"},"canonical":"https:\/\/insurlab-germany.com\/de\/mailo-erhaelt-bafin-lizenz-insurlab-germany-im-interview-mit-den-gruendern\/","og_locale":"de_DE","og_type":"article","og_title":"Mailo erh\u00e4lt BaFin Lizenz | InsurLab Germany im Interview mit den Gr\u00fcndern - InsurLab Germany","og_description":"Vor zwei Jahren gr\u00fcndeten Sten Nahrgang, Armin Molla und Dr. Matthias Uebig das Startup Mailo - einer Gewerbeversicherung f\u00fcr Selbstst\u00e4ndige und Kleinunternehmen. Vor kurzem konnten sie bekannt geben, dass sie nun die BaFin Lizenz erhalten haben. Das Trio erz\u00e4hlt uns in einem spannenden Interview, wie sich der Weg zur BaFin Lizenz gestaltete, was sie ihrer Zielgruppe nun bieten k\u00f6nnen und welche Ziele sie sich f\u00fcr 2019 gesetzt haben. Zudem haben sie auch einen eindeutigen Tipp f\u00fcr Gr\u00fcnder, die ebenfalls auf die BaFin Lizenz hoffen.","og_url":"https:\/\/insurlab-germany.com\/de\/mailo-erhaelt-bafin-lizenz-insurlab-germany-im-interview-mit-den-gruendern\/","og_site_name":"InsurLab Germany","article_publisher":"https:\/\/www.facebook.com\/InsurLabGermany\/","article_author":"https:\/\/www.facebook.com\/ThomasKuckelkorn81\/","article_published_time":"2019-03-19T17:37:49+00:00","article_modified_time":"2022-08-18T11:57:05+00:00","og_image":[{"width":1024,"height":691,"url":"https:\/\/insurlab-germany.com\/wp-content\/uploads\/2019\/03\/foto_mailo-kopie-1-1024x691.png","type":"image\/png"}],"author":"Thomas Kuckelkorn","twitter_card":"summary_large_image","twitter_creator":"@InsurLabDE","twitter_site":"@InsurLabDE","twitter_misc":{"Verfasst von":"Thomas Kuckelkorn","Gesch\u00e4tzte Lesezeit":"6\u00a0Minuten"},"schema":{"@context":"https:\/\/schema.org","@graph":[{"@type":"Article","@id":"https:\/\/insurlab-germany.com\/de\/mailo-erhaelt-bafin-lizenz-insurlab-germany-im-interview-mit-den-gruendern\/#article","isPartOf":{"@id":"https:\/\/insurlab-germany.com\/de\/mailo-erhaelt-bafin-lizenz-insurlab-germany-im-interview-mit-den-gruendern\/"},"author":{"name":"Thomas Kuckelkorn","@id":"https:\/\/insurlab-germany.com\/#\/schema\/person\/fdd72798b0b3ac61bf4978982a7ab154"},"headline":"Mailo erh\u00e4lt BaFin Lizenz | InsurLab Germany im Interview mit den Gr\u00fcndern","datePublished":"2019-03-19T17:37:49+00:00","dateModified":"2022-08-18T11:57:05+00:00","mainEntityOfPage":{"@id":"https:\/\/insurlab-germany.com\/de\/mailo-erhaelt-bafin-lizenz-insurlab-germany-im-interview-mit-den-gruendern\/"},"wordCount":1156,"publisher":{"@id":"https:\/\/insurlab-germany.com\/#organization"},"image":{"@id":"https:\/\/insurlab-germany.com\/de\/mailo-erhaelt-bafin-lizenz-insurlab-germany-im-interview-mit-den-gruendern\/#primaryimage"},"thumbnailUrl":"https:\/\/insurlab-germany.com\/wp-content\/uploads\/2019\/03\/foto_mailo-kopie-1.png","articleSection":["Blogbeitr\u00e4ge","News"],"inLanguage":"de"},{"@type":"WebPage","@id":"https:\/\/insurlab-germany.com\/de\/mailo-erhaelt-bafin-lizenz-insurlab-germany-im-interview-mit-den-gruendern\/","url":"https:\/\/insurlab-germany.com\/de\/mailo-erhaelt-bafin-lizenz-insurlab-germany-im-interview-mit-den-gruendern\/","name":"Mailo erh\u00e4lt BaFin Lizenz | InsurLab Germany im Interview mit den Gr\u00fcndern - InsurLab Germany","isPartOf":{"@id":"https:\/\/insurlab-germany.com\/#website"},"primaryImageOfPage":{"@id":"https:\/\/insurlab-germany.com\/de\/mailo-erhaelt-bafin-lizenz-insurlab-germany-im-interview-mit-den-gruendern\/#primaryimage"},"image":{"@id":"https:\/\/insurlab-germany.com\/de\/mailo-erhaelt-bafin-lizenz-insurlab-germany-im-interview-mit-den-gruendern\/#primaryimage"},"thumbnailUrl":"https:\/\/insurlab-germany.com\/wp-content\/uploads\/2019\/03\/foto_mailo-kopie-1.png","datePublished":"2019-03-19T17:37:49+00:00","dateModified":"2022-08-18T11:57:05+00:00","breadcrumb":{"@id":"https:\/\/insurlab-germany.com\/de\/mailo-erhaelt-bafin-lizenz-insurlab-germany-im-interview-mit-den-gruendern\/#breadcrumb"},"inLanguage":"de","potentialAction":[{"@type":"ReadAction","target":["https:\/\/insurlab-germany.com\/de\/mailo-erhaelt-bafin-lizenz-insurlab-germany-im-interview-mit-den-gruendern\/"]}]},{"@type":"ImageObject","inLanguage":"de","@id":"https:\/\/insurlab-germany.com\/de\/mailo-erhaelt-bafin-lizenz-insurlab-germany-im-interview-mit-den-gruendern\/#primaryimage","url":"https:\/\/insurlab-germany.com\/wp-content\/uploads\/2019\/03\/foto_mailo-kopie-1.png","contentUrl":"https:\/\/insurlab-germany.com\/wp-content\/uploads\/2019\/03\/foto_mailo-kopie-1.png","width":3000,"height":2025,"caption":"Mailo"},{"@type":"BreadcrumbList","@id":"https:\/\/insurlab-germany.com\/de\/mailo-erhaelt-bafin-lizenz-insurlab-germany-im-interview-mit-den-gruendern\/#breadcrumb","itemListElement":[{"@type":"ListItem","position":1,"name":"Startseite","item":"https:\/\/insurlab-germany.com\/de\/"},{"@type":"ListItem","position":2,"name":"Mailo erh\u00e4lt BaFin Lizenz | InsurLab Germany im Interview mit den Gr\u00fcndern"}]},{"@type":"WebSite","@id":"https:\/\/insurlab-germany.com\/#website","url":"https:\/\/insurlab-germany.com\/","name":"InsurLab Germany","description":"Let&#039;s #InnovateInsurance!","publisher":{"@id":"https:\/\/insurlab-germany.com\/#organization"},"potentialAction":[{"@type":"SearchAction","target":{"@type":"EntryPoint","urlTemplate":"https:\/\/insurlab-germany.com\/?s={search_term_string}"},"query-input":{"@type":"PropertyValueSpecification","valueRequired":true,"valueName":"search_term_string"}}],"inLanguage":"de"},{"@type":"Organization","@id":"https:\/\/insurlab-germany.com\/#organization","name":"InsurLab Germany","url":"https:\/\/insurlab-germany.com\/","logo":{"@type":"ImageObject","inLanguage":"de","@id":"https:\/\/insurlab-germany.com\/#\/schema\/logo\/image\/","url":"https:\/\/insurlab-germany.com\/wp-content\/uploads\/2022\/03\/website_logo_ohnelink.png","contentUrl":"https:\/\/insurlab-germany.com\/wp-content\/uploads\/2022\/03\/website_logo_ohnelink.png","width":640,"height":245,"caption":"InsurLab Germany"},"image":{"@id":"https:\/\/insurlab-germany.com\/#\/schema\/logo\/image\/"},"sameAs":["https:\/\/www.facebook.com\/InsurLabGermany\/","https:\/\/x.com\/InsurLabDE","https:\/\/www.instagram.com\/insurlab_germany\/","https:\/\/www.linkedin.com\/company\/insurlab-germany-e-v"]},{"@type":"Person","@id":"https:\/\/insurlab-germany.com\/#\/schema\/person\/fdd72798b0b3ac61bf4978982a7ab154","name":"Thomas Kuckelkorn","image":{"@type":"ImageObject","inLanguage":"de","@id":"https:\/\/secure.gravatar.com\/avatar\/fbbb6fb505faf1691f8fefe4506f2c15a403d4c14f73718be0d40a1208950175?s=96&d=mm&r=g","url":"https:\/\/secure.gravatar.com\/avatar\/fbbb6fb505faf1691f8fefe4506f2c15a403d4c14f73718be0d40a1208950175?s=96&d=mm&r=g","contentUrl":"https:\/\/secure.gravatar.com\/avatar\/fbbb6fb505faf1691f8fefe4506f2c15a403d4c14f73718be0d40a1208950175?s=96&d=mm&r=g","caption":"Thomas Kuckelkorn"},"description":"Senior Manager Kommunikation, Marketing und Events beim InsurLab Germany e.V.","sameAs":["https:\/\/insurlab-germany.com","https:\/\/www.facebook.com\/ThomasKuckelkorn81\/","https:\/\/www.instagram.com\/t_kuckelkorn\/","https:\/\/www.linkedin.com\/in\/thomaskuckelkorn\/"],"url":"https:\/\/insurlab-germany.com\/de\/author\/insurlab\/"}]}},"_links":{"self":[{"href":"https:\/\/insurlab-germany.com\/de\/wp-json\/wp\/v2\/posts\/2348","targetHints":{"allow":["GET"]}}],"collection":[{"href":"https:\/\/insurlab-germany.com\/de\/wp-json\/wp\/v2\/posts"}],"about":[{"href":"https:\/\/insurlab-germany.com\/de\/wp-json\/wp\/v2\/types\/post"}],"author":[{"embeddable":true,"href":"https:\/\/insurlab-germany.com\/de\/wp-json\/wp\/v2\/users\/7"}],"replies":[{"embeddable":true,"href":"https:\/\/insurlab-germany.com\/de\/wp-json\/wp\/v2\/comments?post=2348"}],"version-history":[{"count":2,"href":"https:\/\/insurlab-germany.com\/de\/wp-json\/wp\/v2\/posts\/2348\/revisions"}],"predecessor-version":[{"id":13986,"href":"https:\/\/insurlab-germany.com\/de\/wp-json\/wp\/v2\/posts\/2348\/revisions\/13986"}],"wp:featuredmedia":[{"embeddable":true,"href":"https:\/\/insurlab-germany.com\/de\/wp-json\/wp\/v2\/media\/12170"}],"wp:attachment":[{"href":"https:\/\/insurlab-germany.com\/de\/wp-json\/wp\/v2\/media?parent=2348"}],"wp:term":[{"taxonomy":"category","embeddable":true,"href":"https:\/\/insurlab-germany.com\/de\/wp-json\/wp\/v2\/categories?post=2348"},{"taxonomy":"post_tag","embeddable":true,"href":"https:\/\/insurlab-germany.com\/de\/wp-json\/wp\/v2\/tags?post=2348"}],"curies":[{"name":"wp","href":"https:\/\/api.w.org\/{rel}","templated":true}]}}