{"id":23813,"date":"2024-08-26T15:45:31","date_gmt":"2024-08-26T13:45:31","guid":{"rendered":"https:\/\/insurlab-germany.com\/?p=23813"},"modified":"2024-09-10T15:49:17","modified_gmt":"2024-09-10T13:49:17","slug":"neue-podcast-folge-ecosystems-of-tomorrow-mit-roland-berger","status":"publish","type":"post","link":"https:\/\/insurlab-germany.com\/de\/neue-podcast-folge-ecosystems-of-tomorrow-mit-roland-berger\/","title":{"rendered":"Neue Podcast-Folge: &#8220;Ecosystems of Tomorrow&#8221; mit Roland Berger"},"content":{"rendered":"<p>Ab sofort k\u00f6nnt ihr die neueste Episode des Insurance Monday Podcasts h\u00f6ren! In dieser spannenden Folge diskutieren Philipp Nolte vom InsurLab Germany e.V. und Ulrich Kleipass von Roland Berger die Ergebnisse der <a href=\"https:\/\/insurlab-germany.com\/project\/studie-ecosystems-of-tomorrow-der-wert-von-oekosystemen-fuer-die-versicherungsbranche\/\">Studie &#8220;Ecosystems of Tomorrow.&#8221;<\/a> Diese beleuchtet die wachsende Bedeutung von \u00d6kosystemen in der Versicherungsbranche und erkl\u00e4rt, warum Bereiche wie Gesundheit, Mobilit\u00e4t und Cyber entscheidend f\u00fcr die Zukunft sind. \ud83d\udca1<\/p>\n<p>Erfahrt, wie \u00d6kosysteme die Branche transformieren, welche Vorteile und Herausforderungen auf Versicherer zukommen und warum das Thema f\u00fcr die strategische Ausrichtung eures Unternehmens relevant ist.<\/p>\n<p>H\u00f6rt jetzt rein! Verf\u00fcgbar auf allen Podcast-Plattformen.<br \/>\nHier geht&#8217;s bspw. zu Spotify:\u00a0<a href=\"https:\/\/eu1.hubs.ly\/H0bXf-Z0\" target=\"_blank\" rel=\"nofollow noopener\">https:\/\/eu1.hubs.ly\/H0bXf-Z0<\/a><\/p>\n","protected":false},"excerpt":{"rendered":"<p>Ab sofort k\u00f6nnt ihr die neueste Episode des Insurance Monday Podcasts h\u00f6ren! In dieser spannenden Folge diskutieren Philipp Nolte vom InsurLab Germany e.V. und Ulrich Kleipass von Roland Berger die Ergebnisse der Studie &#8220;Ecosystems of Tomorrow.&#8221; Diese beleuchtet die wachsende Bedeutung von \u00d6kosystemen in der Versicherungsbranche und erkl\u00e4rt, warum Bereiche wie Gesundheit, Mobilit\u00e4t und Cyber [&hellip;]<\/p>\n","protected":false},"author":7,"featured_media":23814,"comment_status":"closed","ping_status":"open","sticky":false,"template":"","format":"standard","meta":{"_et_pb_use_builder":"","_et_pb_old_content":"","_et_gb_content_width":"","content-type":"","footnotes":""},"categories":[303],"tags":[],"class_list":["post-23813","post","type-post","status-publish","format-standard","has-post-thumbnail","hentry","category-podcasts"],"yoast_head":"<!-- This site is optimized with the Yoast SEO plugin v27.5 - https:\/\/yoast.com\/product\/yoast-seo-wordpress\/ -->\n<title>Neue Podcast-Folge: &quot;Ecosystems of Tomorrow&quot; mit Roland Berger - InsurLab Germany<\/title>\n<meta name=\"description\" content=\"In der neuen Podcast-Folge des Insurance Monday diskutieren mit unserem Mitglied Roland Berger die Ergebnisse unserer gemeinsamen Studie.\" \/>\n<meta name=\"robots\" content=\"index, follow, max-snippet:-1, max-image-preview:large, max-video-preview:-1\" \/>\n<link rel=\"canonical\" href=\"https:\/\/insurlab-germany.com\/de\/neue-podcast-folge-ecosystems-of-tomorrow-mit-roland-berger\/\" \/>\n<meta property=\"og:locale\" content=\"de_DE\" \/>\n<meta property=\"og:type\" content=\"article\" \/>\n<meta property=\"og:title\" content=\"Neue Podcast-Folge: &quot;Ecosystems of Tomorrow&quot; mit Roland Berger - InsurLab Germany\" \/>\n<meta property=\"og:description\" content=\"In der neuen Podcast-Folge des Insurance Monday diskutieren mit unserem Mitglied Roland Berger die Ergebnisse unserer gemeinsamen Studie.\" \/>\n<meta property=\"og:url\" content=\"https:\/\/insurlab-germany.com\/de\/neue-podcast-folge-ecosystems-of-tomorrow-mit-roland-berger\/\" \/>\n<meta property=\"og:site_name\" content=\"InsurLab Germany\" \/>\n<meta property=\"article:publisher\" content=\"https:\/\/www.facebook.com\/InsurLabGermany\/\" \/>\n<meta property=\"article:author\" content=\"https:\/\/www.facebook.com\/ThomasKuckelkorn81\/\" \/>\n<meta property=\"article:published_time\" content=\"2024-08-26T13:45:31+00:00\" \/>\n<meta property=\"article:modified_time\" content=\"2024-09-10T13:49:17+00:00\" \/>\n<meta property=\"og:image\" content=\"https:\/\/insurlab-germany.com\/wp-content\/uploads\/2024\/09\/1724579185381.jpg\" \/>\n\t<meta property=\"og:image:width\" content=\"1280\" \/>\n\t<meta property=\"og:image:height\" content=\"720\" \/>\n\t<meta property=\"og:image:type\" content=\"image\/jpeg\" \/>\n<meta name=\"author\" content=\"Thomas Kuckelkorn\" \/>\n<meta name=\"twitter:card\" content=\"summary_large_image\" \/>\n<meta name=\"twitter:creator\" content=\"@InsurLabDE\" \/>\n<meta name=\"twitter:site\" content=\"@InsurLabDE\" \/>\n<meta name=\"twitter:label1\" content=\"Verfasst von\" \/>\n\t<meta name=\"twitter:data1\" content=\"Thomas Kuckelkorn\" \/>\n\t<meta name=\"twitter:label2\" content=\"Gesch\u00e4tzte Lesezeit\" \/>\n\t<meta name=\"twitter:data2\" content=\"1\u00a0Minute\" \/>\n<script type=\"application\/ld+json\" class=\"yoast-schema-graph\">{\"@context\":\"https:\\\/\\\/schema.org\",\"@graph\":[{\"@type\":\"Article\",\"@id\":\"https:\\\/\\\/insurlab-germany.com\\\/neue-podcast-folge-ecosystems-of-tomorrow-mit-roland-berger\\\/#article\",\"isPartOf\":{\"@id\":\"https:\\\/\\\/insurlab-germany.com\\\/neue-podcast-folge-ecosystems-of-tomorrow-mit-roland-berger\\\/\"},\"author\":{\"name\":\"Thomas Kuckelkorn\",\"@id\":\"https:\\\/\\\/insurlab-germany.com\\\/#\\\/schema\\\/person\\\/fdd72798b0b3ac61bf4978982a7ab154\"},\"headline\":\"Neue Podcast-Folge: &#8220;Ecosystems of Tomorrow&#8221; mit Roland Berger\",\"datePublished\":\"2024-08-26T13:45:31+00:00\",\"dateModified\":\"2024-09-10T13:49:17+00:00\",\"mainEntityOfPage\":{\"@id\":\"https:\\\/\\\/insurlab-germany.com\\\/neue-podcast-folge-ecosystems-of-tomorrow-mit-roland-berger\\\/\"},\"wordCount\":121,\"publisher\":{\"@id\":\"https:\\\/\\\/insurlab-germany.com\\\/#organization\"},\"image\":{\"@id\":\"https:\\\/\\\/insurlab-germany.com\\\/neue-podcast-folge-ecosystems-of-tomorrow-mit-roland-berger\\\/#primaryimage\"},\"thumbnailUrl\":\"https:\\\/\\\/insurlab-germany.com\\\/wp-content\\\/uploads\\\/2024\\\/09\\\/1724579185381.jpg\",\"articleSection\":[\"Podcasts\"],\"inLanguage\":\"de\"},{\"@type\":\"WebPage\",\"@id\":\"https:\\\/\\\/insurlab-germany.com\\\/neue-podcast-folge-ecosystems-of-tomorrow-mit-roland-berger\\\/\",\"url\":\"https:\\\/\\\/insurlab-germany.com\\\/neue-podcast-folge-ecosystems-of-tomorrow-mit-roland-berger\\\/\",\"name\":\"Neue Podcast-Folge: \\\"Ecosystems of Tomorrow\\\" mit Roland Berger - InsurLab Germany\",\"isPartOf\":{\"@id\":\"https:\\\/\\\/insurlab-germany.com\\\/#website\"},\"primaryImageOfPage\":{\"@id\":\"https:\\\/\\\/insurlab-germany.com\\\/neue-podcast-folge-ecosystems-of-tomorrow-mit-roland-berger\\\/#primaryimage\"},\"image\":{\"@id\":\"https:\\\/\\\/insurlab-germany.com\\\/neue-podcast-folge-ecosystems-of-tomorrow-mit-roland-berger\\\/#primaryimage\"},\"thumbnailUrl\":\"https:\\\/\\\/insurlab-germany.com\\\/wp-content\\\/uploads\\\/2024\\\/09\\\/1724579185381.jpg\",\"datePublished\":\"2024-08-26T13:45:31+00:00\",\"dateModified\":\"2024-09-10T13:49:17+00:00\",\"description\":\"In der neuen Podcast-Folge des Insurance Monday diskutieren mit unserem Mitglied Roland Berger die Ergebnisse unserer gemeinsamen Studie.\",\"breadcrumb\":{\"@id\":\"https:\\\/\\\/insurlab-germany.com\\\/neue-podcast-folge-ecosystems-of-tomorrow-mit-roland-berger\\\/#breadcrumb\"},\"inLanguage\":\"de\",\"potentialAction\":[{\"@type\":\"ReadAction\",\"target\":[\"https:\\\/\\\/insurlab-germany.com\\\/neue-podcast-folge-ecosystems-of-tomorrow-mit-roland-berger\\\/\"]}]},{\"@type\":\"ImageObject\",\"inLanguage\":\"de\",\"@id\":\"https:\\\/\\\/insurlab-germany.com\\\/neue-podcast-folge-ecosystems-of-tomorrow-mit-roland-berger\\\/#primaryimage\",\"url\":\"https:\\\/\\\/insurlab-germany.com\\\/wp-content\\\/uploads\\\/2024\\\/09\\\/1724579185381.jpg\",\"contentUrl\":\"https:\\\/\\\/insurlab-germany.com\\\/wp-content\\\/uploads\\\/2024\\\/09\\\/1724579185381.jpg\",\"width\":1280,\"height\":720},{\"@type\":\"BreadcrumbList\",\"@id\":\"https:\\\/\\\/insurlab-germany.com\\\/neue-podcast-folge-ecosystems-of-tomorrow-mit-roland-berger\\\/#breadcrumb\",\"itemListElement\":[{\"@type\":\"ListItem\",\"position\":1,\"name\":\"Startseite\",\"item\":\"https:\\\/\\\/insurlab-germany.com\\\/de\\\/\"},{\"@type\":\"ListItem\",\"position\":2,\"name\":\"Neue Podcast-Folge: &#8220;Ecosystems of Tomorrow&#8221; mit Roland Berger\"}]},{\"@type\":\"WebSite\",\"@id\":\"https:\\\/\\\/insurlab-germany.com\\\/#website\",\"url\":\"https:\\\/\\\/insurlab-germany.com\\\/\",\"name\":\"InsurLab Germany\",\"description\":\"Let&#039;s #InnovateInsurance!\",\"publisher\":{\"@id\":\"https:\\\/\\\/insurlab-germany.com\\\/#organization\"},\"potentialAction\":[{\"@type\":\"SearchAction\",\"target\":{\"@type\":\"EntryPoint\",\"urlTemplate\":\"https:\\\/\\\/insurlab-germany.com\\\/?s={search_term_string}\"},\"query-input\":{\"@type\":\"PropertyValueSpecification\",\"valueRequired\":true,\"valueName\":\"search_term_string\"}}],\"inLanguage\":\"de\"},{\"@type\":\"Organization\",\"@id\":\"https:\\\/\\\/insurlab-germany.com\\\/#organization\",\"name\":\"InsurLab Germany\",\"url\":\"https:\\\/\\\/insurlab-germany.com\\\/\",\"logo\":{\"@type\":\"ImageObject\",\"inLanguage\":\"de\",\"@id\":\"https:\\\/\\\/insurlab-germany.com\\\/#\\\/schema\\\/logo\\\/image\\\/\",\"url\":\"https:\\\/\\\/insurlab-germany.com\\\/wp-content\\\/uploads\\\/2022\\\/03\\\/website_logo_ohnelink.png\",\"contentUrl\":\"https:\\\/\\\/insurlab-germany.com\\\/wp-content\\\/uploads\\\/2022\\\/03\\\/website_logo_ohnelink.png\",\"width\":640,\"height\":245,\"caption\":\"InsurLab Germany\"},\"image\":{\"@id\":\"https:\\\/\\\/insurlab-germany.com\\\/#\\\/schema\\\/logo\\\/image\\\/\"},\"sameAs\":[\"https:\\\/\\\/www.facebook.com\\\/InsurLabGermany\\\/\",\"https:\\\/\\\/x.com\\\/InsurLabDE\",\"https:\\\/\\\/www.instagram.com\\\/insurlab_germany\\\/\",\"https:\\\/\\\/www.linkedin.com\\\/company\\\/insurlab-germany-e-v\"]},{\"@type\":\"Person\",\"@id\":\"https:\\\/\\\/insurlab-germany.com\\\/#\\\/schema\\\/person\\\/fdd72798b0b3ac61bf4978982a7ab154\",\"name\":\"Thomas Kuckelkorn\",\"image\":{\"@type\":\"ImageObject\",\"inLanguage\":\"de\",\"@id\":\"https:\\\/\\\/secure.gravatar.com\\\/avatar\\\/fbbb6fb505faf1691f8fefe4506f2c15a403d4c14f73718be0d40a1208950175?s=96&d=mm&r=g\",\"url\":\"https:\\\/\\\/secure.gravatar.com\\\/avatar\\\/fbbb6fb505faf1691f8fefe4506f2c15a403d4c14f73718be0d40a1208950175?s=96&d=mm&r=g\",\"contentUrl\":\"https:\\\/\\\/secure.gravatar.com\\\/avatar\\\/fbbb6fb505faf1691f8fefe4506f2c15a403d4c14f73718be0d40a1208950175?s=96&d=mm&r=g\",\"caption\":\"Thomas Kuckelkorn\"},\"description\":\"Senior Manager Kommunikation, Marketing und Events beim InsurLab Germany e.V.\",\"sameAs\":[\"https:\\\/\\\/insurlab-germany.com\",\"https:\\\/\\\/www.facebook.com\\\/ThomasKuckelkorn81\\\/\",\"https:\\\/\\\/www.instagram.com\\\/t_kuckelkorn\\\/\",\"https:\\\/\\\/www.linkedin.com\\\/in\\\/thomaskuckelkorn\\\/\"],\"url\":\"https:\\\/\\\/insurlab-germany.com\\\/de\\\/author\\\/insurlab\\\/\"}]}<\/script>\n<!-- \/ Yoast SEO plugin. -->","yoast_head_json":{"title":"Neue Podcast-Folge: \"Ecosystems of Tomorrow\" mit Roland Berger - InsurLab Germany","description":"In der neuen Podcast-Folge des Insurance Monday diskutieren mit unserem Mitglied Roland Berger die Ergebnisse unserer gemeinsamen Studie.","robots":{"index":"index","follow":"follow","max-snippet":"max-snippet:-1","max-image-preview":"max-image-preview:large","max-video-preview":"max-video-preview:-1"},"canonical":"https:\/\/insurlab-germany.com\/de\/neue-podcast-folge-ecosystems-of-tomorrow-mit-roland-berger\/","og_locale":"de_DE","og_type":"article","og_title":"Neue Podcast-Folge: \"Ecosystems of Tomorrow\" mit Roland Berger - InsurLab Germany","og_description":"In der neuen Podcast-Folge des Insurance Monday diskutieren mit unserem Mitglied Roland Berger die Ergebnisse unserer gemeinsamen Studie.","og_url":"https:\/\/insurlab-germany.com\/de\/neue-podcast-folge-ecosystems-of-tomorrow-mit-roland-berger\/","og_site_name":"InsurLab Germany","article_publisher":"https:\/\/www.facebook.com\/InsurLabGermany\/","article_author":"https:\/\/www.facebook.com\/ThomasKuckelkorn81\/","article_published_time":"2024-08-26T13:45:31+00:00","article_modified_time":"2024-09-10T13:49:17+00:00","og_image":[{"width":1280,"height":720,"url":"https:\/\/insurlab-germany.com\/wp-content\/uploads\/2024\/09\/1724579185381.jpg","type":"image\/jpeg"}],"author":"Thomas Kuckelkorn","twitter_card":"summary_large_image","twitter_creator":"@InsurLabDE","twitter_site":"@InsurLabDE","twitter_misc":{"Verfasst von":"Thomas Kuckelkorn","Gesch\u00e4tzte Lesezeit":"1\u00a0Minute"},"schema":{"@context":"https:\/\/schema.org","@graph":[{"@type":"Article","@id":"https:\/\/insurlab-germany.com\/neue-podcast-folge-ecosystems-of-tomorrow-mit-roland-berger\/#article","isPartOf":{"@id":"https:\/\/insurlab-germany.com\/neue-podcast-folge-ecosystems-of-tomorrow-mit-roland-berger\/"},"author":{"name":"Thomas Kuckelkorn","@id":"https:\/\/insurlab-germany.com\/#\/schema\/person\/fdd72798b0b3ac61bf4978982a7ab154"},"headline":"Neue Podcast-Folge: &#8220;Ecosystems of Tomorrow&#8221; mit Roland Berger","datePublished":"2024-08-26T13:45:31+00:00","dateModified":"2024-09-10T13:49:17+00:00","mainEntityOfPage":{"@id":"https:\/\/insurlab-germany.com\/neue-podcast-folge-ecosystems-of-tomorrow-mit-roland-berger\/"},"wordCount":121,"publisher":{"@id":"https:\/\/insurlab-germany.com\/#organization"},"image":{"@id":"https:\/\/insurlab-germany.com\/neue-podcast-folge-ecosystems-of-tomorrow-mit-roland-berger\/#primaryimage"},"thumbnailUrl":"https:\/\/insurlab-germany.com\/wp-content\/uploads\/2024\/09\/1724579185381.jpg","articleSection":["Podcasts"],"inLanguage":"de"},{"@type":"WebPage","@id":"https:\/\/insurlab-germany.com\/neue-podcast-folge-ecosystems-of-tomorrow-mit-roland-berger\/","url":"https:\/\/insurlab-germany.com\/neue-podcast-folge-ecosystems-of-tomorrow-mit-roland-berger\/","name":"Neue Podcast-Folge: \"Ecosystems of Tomorrow\" mit Roland Berger - InsurLab Germany","isPartOf":{"@id":"https:\/\/insurlab-germany.com\/#website"},"primaryImageOfPage":{"@id":"https:\/\/insurlab-germany.com\/neue-podcast-folge-ecosystems-of-tomorrow-mit-roland-berger\/#primaryimage"},"image":{"@id":"https:\/\/insurlab-germany.com\/neue-podcast-folge-ecosystems-of-tomorrow-mit-roland-berger\/#primaryimage"},"thumbnailUrl":"https:\/\/insurlab-germany.com\/wp-content\/uploads\/2024\/09\/1724579185381.jpg","datePublished":"2024-08-26T13:45:31+00:00","dateModified":"2024-09-10T13:49:17+00:00","description":"In der neuen Podcast-Folge des Insurance Monday diskutieren mit unserem Mitglied Roland Berger die Ergebnisse unserer gemeinsamen Studie.","breadcrumb":{"@id":"https:\/\/insurlab-germany.com\/neue-podcast-folge-ecosystems-of-tomorrow-mit-roland-berger\/#breadcrumb"},"inLanguage":"de","potentialAction":[{"@type":"ReadAction","target":["https:\/\/insurlab-germany.com\/neue-podcast-folge-ecosystems-of-tomorrow-mit-roland-berger\/"]}]},{"@type":"ImageObject","inLanguage":"de","@id":"https:\/\/insurlab-germany.com\/neue-podcast-folge-ecosystems-of-tomorrow-mit-roland-berger\/#primaryimage","url":"https:\/\/insurlab-germany.com\/wp-content\/uploads\/2024\/09\/1724579185381.jpg","contentUrl":"https:\/\/insurlab-germany.com\/wp-content\/uploads\/2024\/09\/1724579185381.jpg","width":1280,"height":720},{"@type":"BreadcrumbList","@id":"https:\/\/insurlab-germany.com\/neue-podcast-folge-ecosystems-of-tomorrow-mit-roland-berger\/#breadcrumb","itemListElement":[{"@type":"ListItem","position":1,"name":"Startseite","item":"https:\/\/insurlab-germany.com\/de\/"},{"@type":"ListItem","position":2,"name":"Neue Podcast-Folge: &#8220;Ecosystems of Tomorrow&#8221; mit Roland Berger"}]},{"@type":"WebSite","@id":"https:\/\/insurlab-germany.com\/#website","url":"https:\/\/insurlab-germany.com\/","name":"InsurLab Germany","description":"Let&#039;s #InnovateInsurance!","publisher":{"@id":"https:\/\/insurlab-germany.com\/#organization"},"potentialAction":[{"@type":"SearchAction","target":{"@type":"EntryPoint","urlTemplate":"https:\/\/insurlab-germany.com\/?s={search_term_string}"},"query-input":{"@type":"PropertyValueSpecification","valueRequired":true,"valueName":"search_term_string"}}],"inLanguage":"de"},{"@type":"Organization","@id":"https:\/\/insurlab-germany.com\/#organization","name":"InsurLab Germany","url":"https:\/\/insurlab-germany.com\/","logo":{"@type":"ImageObject","inLanguage":"de","@id":"https:\/\/insurlab-germany.com\/#\/schema\/logo\/image\/","url":"https:\/\/insurlab-germany.com\/wp-content\/uploads\/2022\/03\/website_logo_ohnelink.png","contentUrl":"https:\/\/insurlab-germany.com\/wp-content\/uploads\/2022\/03\/website_logo_ohnelink.png","width":640,"height":245,"caption":"InsurLab Germany"},"image":{"@id":"https:\/\/insurlab-germany.com\/#\/schema\/logo\/image\/"},"sameAs":["https:\/\/www.facebook.com\/InsurLabGermany\/","https:\/\/x.com\/InsurLabDE","https:\/\/www.instagram.com\/insurlab_germany\/","https:\/\/www.linkedin.com\/company\/insurlab-germany-e-v"]},{"@type":"Person","@id":"https:\/\/insurlab-germany.com\/#\/schema\/person\/fdd72798b0b3ac61bf4978982a7ab154","name":"Thomas Kuckelkorn","image":{"@type":"ImageObject","inLanguage":"de","@id":"https:\/\/secure.gravatar.com\/avatar\/fbbb6fb505faf1691f8fefe4506f2c15a403d4c14f73718be0d40a1208950175?s=96&d=mm&r=g","url":"https:\/\/secure.gravatar.com\/avatar\/fbbb6fb505faf1691f8fefe4506f2c15a403d4c14f73718be0d40a1208950175?s=96&d=mm&r=g","contentUrl":"https:\/\/secure.gravatar.com\/avatar\/fbbb6fb505faf1691f8fefe4506f2c15a403d4c14f73718be0d40a1208950175?s=96&d=mm&r=g","caption":"Thomas Kuckelkorn"},"description":"Senior Manager Kommunikation, Marketing und Events beim InsurLab Germany e.V.","sameAs":["https:\/\/insurlab-germany.com","https:\/\/www.facebook.com\/ThomasKuckelkorn81\/","https:\/\/www.instagram.com\/t_kuckelkorn\/","https:\/\/www.linkedin.com\/in\/thomaskuckelkorn\/"],"url":"https:\/\/insurlab-germany.com\/de\/author\/insurlab\/"}]}},"_links":{"self":[{"href":"https:\/\/insurlab-germany.com\/de\/wp-json\/wp\/v2\/posts\/23813","targetHints":{"allow":["GET"]}}],"collection":[{"href":"https:\/\/insurlab-germany.com\/de\/wp-json\/wp\/v2\/posts"}],"about":[{"href":"https:\/\/insurlab-germany.com\/de\/wp-json\/wp\/v2\/types\/post"}],"author":[{"embeddable":true,"href":"https:\/\/insurlab-germany.com\/de\/wp-json\/wp\/v2\/users\/7"}],"replies":[{"embeddable":true,"href":"https:\/\/insurlab-germany.com\/de\/wp-json\/wp\/v2\/comments?post=23813"}],"version-history":[{"count":1,"href":"https:\/\/insurlab-germany.com\/de\/wp-json\/wp\/v2\/posts\/23813\/revisions"}],"predecessor-version":[{"id":23815,"href":"https:\/\/insurlab-germany.com\/de\/wp-json\/wp\/v2\/posts\/23813\/revisions\/23815"}],"wp:featuredmedia":[{"embeddable":true,"href":"https:\/\/insurlab-germany.com\/de\/wp-json\/wp\/v2\/media\/23814"}],"wp:attachment":[{"href":"https:\/\/insurlab-germany.com\/de\/wp-json\/wp\/v2\/media?parent=23813"}],"wp:term":[{"taxonomy":"category","embeddable":true,"href":"https:\/\/insurlab-germany.com\/de\/wp-json\/wp\/v2\/categories?post=23813"},{"taxonomy":"post_tag","embeddable":true,"href":"https:\/\/insurlab-germany.com\/de\/wp-json\/wp\/v2\/tags?post=23813"}],"curies":[{"name":"wp","href":"https:\/\/api.w.org\/{rel}","templated":true}]}}