{"id":27477,"date":"2026-04-30T11:59:04","date_gmt":"2026-04-30T09:59:04","guid":{"rendered":"https:\/\/insurlab-germany.com\/?p=27477"},"modified":"2026-04-29T11:59:32","modified_gmt":"2026-04-29T09:59:32","slug":"der-insurlab-germany-jahresbericht-2025-ist-online","status":"publish","type":"post","link":"https:\/\/insurlab-germany.com\/en\/der-insurlab-germany-jahresbericht-2025-ist-online\/","title":{"rendered":"Der InsurLab Germany Jahresbericht 2025 ist online"},"content":{"rendered":"<p>[et_pb_section fb_built=&#8221;1&#8243; admin_label=&#8221;section&#8221; _builder_version=&#8221;4.16&#8243; global_colors_info=&#8221;{}&#8221;][et_pb_row column_structure=&#8221;1_2,1_2&#8243; admin_label=&#8221;row&#8221; _builder_version=&#8221;4.16&#8243; background_size=&#8221;initial&#8221; background_position=&#8221;top_left&#8221; background_repeat=&#8221;repeat&#8221; global_colors_info=&#8221;{}&#8221;][et_pb_column type=&#8221;1_2&#8243; _builder_version=&#8221;4.16&#8243; custom_padding=&#8221;|||&#8221; global_colors_info=&#8221;{}&#8221; custom_padding__hover=&#8221;|||&#8221;][et_pb_text _builder_version=&#8221;4.27.6&#8243; _module_preset=&#8221;default&#8221; global_colors_info=&#8221;{}&#8221;]<\/p>\n<p data-start=\"138\" data-end=\"491\">Der <strong>Jahresbericht 2025<\/strong> des InsurLab Germany ist da!<\/p>\n<p data-start=\"138\" data-end=\"491\">Er gibt einen strukturierten Einblick in die zentralen Themen, die die Versicherungsbranche aktuell bewegen \u2013 von konkreten Transformationsherausforderungen bis hin zu neuen Themen, die heute vorbereitet und in die Anwendung gebracht werden.<\/p>\n<p data-start=\"447\" data-end=\"726\">Im Fokus stehen dabei sowohl die Einordnung relevanter Entwicklungen als auch Formate und Ans\u00e4tze, die Organisationen in die Umsetzung bringen. Erg\u00e4nzt wird dies durch Beispiele f\u00fcr konkrete Zusammenarbeit im \u00d6kosystem, die zeigen, wie aus Austausch echte Fortschritte entstehen.<\/p>\n<p data-start=\"728\" data-end=\"901\">Damit macht der Jahresbericht sichtbar, wie in in unserem Mitgliederkreis durch unser Wirken Orientierung geschaffen, Anwendung erm\u00f6glicht und Zusammenarbeit gezielt genutzt wird, um Transformation in der Branche voranzubringen.<\/p>\n<p data-start=\"493\" data-end=\"528\"><strong>Jetzt lesen und Einblicke gewinnen!<\/strong><\/p>\n<div class=\"hs-cta-embed hs-cta-simple-placeholder hs-cta-embed-398111530183\" style=\"max-width: 100%; max-height: 100%; width: 230px; height: 58.5px;\" data-hubspot-wrapper-cta-id=\"398111530183\"><a href=\"https:\/\/cta-eu1.hubspot.com\/web-interactives\/public\/v1\/track\/redirect?encryptedPayload=AVxigLJ0H4%2FbbOmP4yFFpoodo8CiWDTgeh8DJMU8VHK0gBWdT3Zc1rHS0mmfsp02DjFpn1D4i%2FFd01Ak%2FZnNXcH%2BlyXz82IFCl4AMIWqP%2BVFiIbPjG89YmDhez0qfzbP84uEEXA2BXhIbJw3X42l%2Fmm9p7pUGovRHLbliplVP9u9E%2FM6uXvHDQGtz4pBdfdwF2wiotP7iTuGJy8jqrKxEGeYsmOC3WxRWMNP4EQre8U54MDgUJ2p6s%2BLfOI7f%2FYy2T9yqe2sKh3h%2FkDWdQ%3D%3D&amp;webInteractiveContentId=398111530183&amp;portalId=25368847\" target=\"_blank\" rel=\"noopener\"><br \/><img decoding=\"async\" style=\"height: 100%; width: 100%; object-fit: fill;\" src=\"https:\/\/hubspot-no-cache-eu1-prod.s3.amazonaws.com\/cta\/default\/25368847\/interactive-398111530183.png\" alt=\"Jahresbericht 2025 downloaden\" \/><br \/><\/a><\/div>\n<p>[\/et_pb_text][\/et_pb_column][et_pb_column type=&#8221;1_2&#8243; _builder_version=&#8221;4.16&#8243; custom_padding=&#8221;|||&#8221; global_colors_info=&#8221;{}&#8221; custom_padding__hover=&#8221;|||&#8221;][et_pb_image src=&#8221;https:\/\/insurlab-germany.com\/wp-content\/uploads\/2026\/04\/Mockup_Jahresbericht_2025_offen-scaled.jpg&#8221; title_text=&#8221;Mockup_Jahresbericht_2025_offen&#8221; _builder_version=&#8221;4.27.6&#8243; _module_preset=&#8221;default&#8221; global_colors_info=&#8221;{}&#8221;][\/et_pb_image][\/et_pb_column][\/et_pb_row][\/et_pb_section]<\/p>\n","protected":false},"excerpt":{"rendered":"<p>Der Jahresbericht 2025 des InsurLab Germany ist da! Er gibt einen strukturierten Einblick in die zentralen Themen, die die Versicherungsbranche aktuell bewegen \u2013 von konkreten Transformationsherausforderungen bis hin zu neuen Themen, die heute vorbereitet und in die Anwendung gebracht werden. Im Fokus stehen dabei sowohl die Einordnung relevanter Entwicklungen als auch Formate und Ans\u00e4tze, die [&hellip;]<\/p>\n","protected":false},"author":7,"featured_media":27470,"comment_status":"closed","ping_status":"open","sticky":false,"template":"","format":"standard","meta":{"_et_pb_use_builder":"on","_et_pb_old_content":"","_et_gb_content_width":"","content-type":"","footnotes":""},"categories":[5],"tags":[],"class_list":["post-27477","post","type-post","status-publish","format-standard","has-post-thumbnail","hentry","category-news"],"yoast_head":"<!-- This site is optimized with the Yoast SEO plugin v27.5 - https:\/\/yoast.com\/product\/yoast-seo-wordpress\/ -->\n<title>Der InsurLab Germany Jahresbericht 2025 ist online - InsurLab Germany<\/title>\n<meta name=\"description\" content=\"Unser Jahresbericht 2025 b\u00fcndelt Einblicke in Transformationsherausforderungen, neue Themen und konkrete Zusammenarbeit im \u00d6kosystem.\" \/>\n<meta name=\"robots\" content=\"index, follow, max-snippet:-1, max-image-preview:large, max-video-preview:-1\" \/>\n<link rel=\"canonical\" href=\"https:\/\/insurlab-germany.com\/en\/der-insurlab-germany-jahresbericht-2025-ist-online\/\" \/>\n<meta property=\"og:locale\" content=\"en_US\" \/>\n<meta property=\"og:type\" content=\"article\" \/>\n<meta property=\"og:title\" content=\"Der InsurLab Germany Jahresbericht 2025 ist online - InsurLab Germany\" \/>\n<meta property=\"og:description\" content=\"Unser Jahresbericht 2025 b\u00fcndelt Einblicke in Transformationsherausforderungen, neue Themen und konkrete Zusammenarbeit im \u00d6kosystem.\" \/>\n<meta property=\"og:url\" content=\"https:\/\/insurlab-germany.com\/en\/der-insurlab-germany-jahresbericht-2025-ist-online\/\" \/>\n<meta property=\"og:site_name\" content=\"InsurLab Germany\" \/>\n<meta property=\"article:publisher\" content=\"https:\/\/www.facebook.com\/InsurLabGermany\/\" \/>\n<meta property=\"article:author\" content=\"https:\/\/www.facebook.com\/ThomasKuckelkorn81\/\" \/>\n<meta property=\"article:published_time\" content=\"2026-04-30T09:59:04+00:00\" \/>\n<meta property=\"og:image\" content=\"https:\/\/insurlab-germany.com\/wp-content\/uploads\/2026\/04\/Mockup_Jahresbericht_2025-scaled.jpg\" \/>\n\t<meta property=\"og:image:width\" content=\"2560\" \/>\n\t<meta property=\"og:image:height\" content=\"1792\" \/>\n\t<meta property=\"og:image:type\" content=\"image\/jpeg\" \/>\n<meta name=\"author\" content=\"Thomas Kuckelkorn\" \/>\n<meta name=\"twitter:card\" content=\"summary_large_image\" \/>\n<meta name=\"twitter:image\" content=\"https:\/\/insurlab-germany.com\/wp-content\/uploads\/2026\/04\/Mockup_Jahresbericht_2025-scaled.jpg\" \/>\n<meta name=\"twitter:creator\" content=\"@InsurLabDE\" \/>\n<meta name=\"twitter:site\" content=\"@InsurLabDE\" \/>\n<meta name=\"twitter:label1\" content=\"Written by\" \/>\n\t<meta name=\"twitter:data1\" content=\"Thomas Kuckelkorn\" \/>\n\t<meta name=\"twitter:label2\" content=\"Est. reading time\" \/>\n\t<meta name=\"twitter:data2\" content=\"2 minutes\" \/>\n<script type=\"application\/ld+json\" class=\"yoast-schema-graph\">{\"@context\":\"https:\\\/\\\/schema.org\",\"@graph\":[{\"@type\":\"Article\",\"@id\":\"https:\\\/\\\/insurlab-germany.com\\\/der-insurlab-germany-jahresbericht-2025-ist-online\\\/#article\",\"isPartOf\":{\"@id\":\"https:\\\/\\\/insurlab-germany.com\\\/der-insurlab-germany-jahresbericht-2025-ist-online\\\/\"},\"author\":{\"name\":\"Thomas Kuckelkorn\",\"@id\":\"https:\\\/\\\/insurlab-germany.com\\\/#\\\/schema\\\/person\\\/fdd72798b0b3ac61bf4978982a7ab154\"},\"headline\":\"Der InsurLab Germany Jahresbericht 2025 ist online\",\"datePublished\":\"2026-04-30T09:59:04+00:00\",\"mainEntityOfPage\":{\"@id\":\"https:\\\/\\\/insurlab-germany.com\\\/der-insurlab-germany-jahresbericht-2025-ist-online\\\/\"},\"wordCount\":238,\"publisher\":{\"@id\":\"https:\\\/\\\/insurlab-germany.com\\\/#organization\"},\"image\":{\"@id\":\"https:\\\/\\\/insurlab-germany.com\\\/der-insurlab-germany-jahresbericht-2025-ist-online\\\/#primaryimage\"},\"thumbnailUrl\":\"https:\\\/\\\/insurlab-germany.com\\\/wp-content\\\/uploads\\\/2026\\\/04\\\/Mockup_Jahresbericht_2025-scaled.jpg\",\"articleSection\":[\"News\"],\"inLanguage\":\"en-US\"},{\"@type\":\"WebPage\",\"@id\":\"https:\\\/\\\/insurlab-germany.com\\\/der-insurlab-germany-jahresbericht-2025-ist-online\\\/\",\"url\":\"https:\\\/\\\/insurlab-germany.com\\\/der-insurlab-germany-jahresbericht-2025-ist-online\\\/\",\"name\":\"Der InsurLab Germany Jahresbericht 2025 ist online - InsurLab Germany\",\"isPartOf\":{\"@id\":\"https:\\\/\\\/insurlab-germany.com\\\/#website\"},\"primaryImageOfPage\":{\"@id\":\"https:\\\/\\\/insurlab-germany.com\\\/der-insurlab-germany-jahresbericht-2025-ist-online\\\/#primaryimage\"},\"image\":{\"@id\":\"https:\\\/\\\/insurlab-germany.com\\\/der-insurlab-germany-jahresbericht-2025-ist-online\\\/#primaryimage\"},\"thumbnailUrl\":\"https:\\\/\\\/insurlab-germany.com\\\/wp-content\\\/uploads\\\/2026\\\/04\\\/Mockup_Jahresbericht_2025-scaled.jpg\",\"datePublished\":\"2026-04-30T09:59:04+00:00\",\"description\":\"Unser Jahresbericht 2025 b\u00fcndelt Einblicke in Transformationsherausforderungen, neue Themen und konkrete Zusammenarbeit im \u00d6kosystem.\",\"breadcrumb\":{\"@id\":\"https:\\\/\\\/insurlab-germany.com\\\/der-insurlab-germany-jahresbericht-2025-ist-online\\\/#breadcrumb\"},\"inLanguage\":\"en-US\",\"potentialAction\":[{\"@type\":\"ReadAction\",\"target\":[\"https:\\\/\\\/insurlab-germany.com\\\/der-insurlab-germany-jahresbericht-2025-ist-online\\\/\"]}]},{\"@type\":\"ImageObject\",\"inLanguage\":\"en-US\",\"@id\":\"https:\\\/\\\/insurlab-germany.com\\\/der-insurlab-germany-jahresbericht-2025-ist-online\\\/#primaryimage\",\"url\":\"https:\\\/\\\/insurlab-germany.com\\\/wp-content\\\/uploads\\\/2026\\\/04\\\/Mockup_Jahresbericht_2025-scaled.jpg\",\"contentUrl\":\"https:\\\/\\\/insurlab-germany.com\\\/wp-content\\\/uploads\\\/2026\\\/04\\\/Mockup_Jahresbericht_2025-scaled.jpg\",\"width\":2560,\"height\":1792},{\"@type\":\"BreadcrumbList\",\"@id\":\"https:\\\/\\\/insurlab-germany.com\\\/der-insurlab-germany-jahresbericht-2025-ist-online\\\/#breadcrumb\",\"itemListElement\":[{\"@type\":\"ListItem\",\"position\":1,\"name\":\"Startseite\",\"item\":\"https:\\\/\\\/insurlab-germany.com\\\/de\\\/\"},{\"@type\":\"ListItem\",\"position\":2,\"name\":\"Der InsurLab Germany Jahresbericht 2025 ist online\"}]},{\"@type\":\"WebSite\",\"@id\":\"https:\\\/\\\/insurlab-germany.com\\\/#website\",\"url\":\"https:\\\/\\\/insurlab-germany.com\\\/\",\"name\":\"InsurLab Germany\",\"description\":\"Let&#039;s #InnovateInsurance!\",\"publisher\":{\"@id\":\"https:\\\/\\\/insurlab-germany.com\\\/#organization\"},\"potentialAction\":[{\"@type\":\"SearchAction\",\"target\":{\"@type\":\"EntryPoint\",\"urlTemplate\":\"https:\\\/\\\/insurlab-germany.com\\\/?s={search_term_string}\"},\"query-input\":{\"@type\":\"PropertyValueSpecification\",\"valueRequired\":true,\"valueName\":\"search_term_string\"}}],\"inLanguage\":\"en-US\"},{\"@type\":\"Organization\",\"@id\":\"https:\\\/\\\/insurlab-germany.com\\\/#organization\",\"name\":\"InsurLab Germany\",\"url\":\"https:\\\/\\\/insurlab-germany.com\\\/\",\"logo\":{\"@type\":\"ImageObject\",\"inLanguage\":\"en-US\",\"@id\":\"https:\\\/\\\/insurlab-germany.com\\\/#\\\/schema\\\/logo\\\/image\\\/\",\"url\":\"https:\\\/\\\/insurlab-germany.com\\\/wp-content\\\/uploads\\\/2022\\\/03\\\/website_logo_ohnelink.png\",\"contentUrl\":\"https:\\\/\\\/insurlab-germany.com\\\/wp-content\\\/uploads\\\/2022\\\/03\\\/website_logo_ohnelink.png\",\"width\":640,\"height\":245,\"caption\":\"InsurLab Germany\"},\"image\":{\"@id\":\"https:\\\/\\\/insurlab-germany.com\\\/#\\\/schema\\\/logo\\\/image\\\/\"},\"sameAs\":[\"https:\\\/\\\/www.facebook.com\\\/InsurLabGermany\\\/\",\"https:\\\/\\\/x.com\\\/InsurLabDE\",\"https:\\\/\\\/www.instagram.com\\\/insurlab_germany\\\/\",\"https:\\\/\\\/www.linkedin.com\\\/company\\\/insurlab-germany-e-v\"]},{\"@type\":\"Person\",\"@id\":\"https:\\\/\\\/insurlab-germany.com\\\/#\\\/schema\\\/person\\\/fdd72798b0b3ac61bf4978982a7ab154\",\"name\":\"Thomas Kuckelkorn\",\"image\":{\"@type\":\"ImageObject\",\"inLanguage\":\"en-US\",\"@id\":\"https:\\\/\\\/secure.gravatar.com\\\/avatar\\\/fbbb6fb505faf1691f8fefe4506f2c15a403d4c14f73718be0d40a1208950175?s=96&d=mm&r=g\",\"url\":\"https:\\\/\\\/secure.gravatar.com\\\/avatar\\\/fbbb6fb505faf1691f8fefe4506f2c15a403d4c14f73718be0d40a1208950175?s=96&d=mm&r=g\",\"contentUrl\":\"https:\\\/\\\/secure.gravatar.com\\\/avatar\\\/fbbb6fb505faf1691f8fefe4506f2c15a403d4c14f73718be0d40a1208950175?s=96&d=mm&r=g\",\"caption\":\"Thomas Kuckelkorn\"},\"description\":\"Senior Manager Kommunikation, Marketing und Events beim InsurLab Germany e.V.\",\"sameAs\":[\"https:\\\/\\\/insurlab-germany.com\",\"https:\\\/\\\/www.facebook.com\\\/ThomasKuckelkorn81\\\/\",\"https:\\\/\\\/www.instagram.com\\\/t_kuckelkorn\\\/\",\"https:\\\/\\\/www.linkedin.com\\\/in\\\/thomaskuckelkorn\\\/\"],\"url\":\"https:\\\/\\\/insurlab-germany.com\\\/en\\\/author\\\/insurlab\\\/\"}]}<\/script>\n<!-- \/ Yoast SEO plugin. -->","yoast_head_json":{"title":"Der InsurLab Germany Jahresbericht 2025 ist online - InsurLab Germany","description":"Unser Jahresbericht 2025 b\u00fcndelt Einblicke in Transformationsherausforderungen, neue Themen und konkrete Zusammenarbeit im \u00d6kosystem.","robots":{"index":"index","follow":"follow","max-snippet":"max-snippet:-1","max-image-preview":"max-image-preview:large","max-video-preview":"max-video-preview:-1"},"canonical":"https:\/\/insurlab-germany.com\/en\/der-insurlab-germany-jahresbericht-2025-ist-online\/","og_locale":"en_US","og_type":"article","og_title":"Der InsurLab Germany Jahresbericht 2025 ist online - InsurLab Germany","og_description":"Unser Jahresbericht 2025 b\u00fcndelt Einblicke in Transformationsherausforderungen, neue Themen und konkrete Zusammenarbeit im \u00d6kosystem.","og_url":"https:\/\/insurlab-germany.com\/en\/der-insurlab-germany-jahresbericht-2025-ist-online\/","og_site_name":"InsurLab Germany","article_publisher":"https:\/\/www.facebook.com\/InsurLabGermany\/","article_author":"https:\/\/www.facebook.com\/ThomasKuckelkorn81\/","article_published_time":"2026-04-30T09:59:04+00:00","og_image":[{"width":2560,"height":1792,"url":"https:\/\/insurlab-germany.com\/wp-content\/uploads\/2026\/04\/Mockup_Jahresbericht_2025-scaled.jpg","type":"image\/jpeg"}],"author":"Thomas Kuckelkorn","twitter_card":"summary_large_image","twitter_image":"https:\/\/insurlab-germany.com\/wp-content\/uploads\/2026\/04\/Mockup_Jahresbericht_2025-scaled.jpg","twitter_creator":"@InsurLabDE","twitter_site":"@InsurLabDE","twitter_misc":{"Written by":"Thomas Kuckelkorn","Est. reading time":"2 minutes"},"schema":{"@context":"https:\/\/schema.org","@graph":[{"@type":"Article","@id":"https:\/\/insurlab-germany.com\/der-insurlab-germany-jahresbericht-2025-ist-online\/#article","isPartOf":{"@id":"https:\/\/insurlab-germany.com\/der-insurlab-germany-jahresbericht-2025-ist-online\/"},"author":{"name":"Thomas Kuckelkorn","@id":"https:\/\/insurlab-germany.com\/#\/schema\/person\/fdd72798b0b3ac61bf4978982a7ab154"},"headline":"Der InsurLab Germany Jahresbericht 2025 ist online","datePublished":"2026-04-30T09:59:04+00:00","mainEntityOfPage":{"@id":"https:\/\/insurlab-germany.com\/der-insurlab-germany-jahresbericht-2025-ist-online\/"},"wordCount":238,"publisher":{"@id":"https:\/\/insurlab-germany.com\/#organization"},"image":{"@id":"https:\/\/insurlab-germany.com\/der-insurlab-germany-jahresbericht-2025-ist-online\/#primaryimage"},"thumbnailUrl":"https:\/\/insurlab-germany.com\/wp-content\/uploads\/2026\/04\/Mockup_Jahresbericht_2025-scaled.jpg","articleSection":["News"],"inLanguage":"en-US"},{"@type":"WebPage","@id":"https:\/\/insurlab-germany.com\/der-insurlab-germany-jahresbericht-2025-ist-online\/","url":"https:\/\/insurlab-germany.com\/der-insurlab-germany-jahresbericht-2025-ist-online\/","name":"Der InsurLab Germany Jahresbericht 2025 ist online - InsurLab Germany","isPartOf":{"@id":"https:\/\/insurlab-germany.com\/#website"},"primaryImageOfPage":{"@id":"https:\/\/insurlab-germany.com\/der-insurlab-germany-jahresbericht-2025-ist-online\/#primaryimage"},"image":{"@id":"https:\/\/insurlab-germany.com\/der-insurlab-germany-jahresbericht-2025-ist-online\/#primaryimage"},"thumbnailUrl":"https:\/\/insurlab-germany.com\/wp-content\/uploads\/2026\/04\/Mockup_Jahresbericht_2025-scaled.jpg","datePublished":"2026-04-30T09:59:04+00:00","description":"Unser Jahresbericht 2025 b\u00fcndelt Einblicke in Transformationsherausforderungen, neue Themen und konkrete Zusammenarbeit im \u00d6kosystem.","breadcrumb":{"@id":"https:\/\/insurlab-germany.com\/der-insurlab-germany-jahresbericht-2025-ist-online\/#breadcrumb"},"inLanguage":"en-US","potentialAction":[{"@type":"ReadAction","target":["https:\/\/insurlab-germany.com\/der-insurlab-germany-jahresbericht-2025-ist-online\/"]}]},{"@type":"ImageObject","inLanguage":"en-US","@id":"https:\/\/insurlab-germany.com\/der-insurlab-germany-jahresbericht-2025-ist-online\/#primaryimage","url":"https:\/\/insurlab-germany.com\/wp-content\/uploads\/2026\/04\/Mockup_Jahresbericht_2025-scaled.jpg","contentUrl":"https:\/\/insurlab-germany.com\/wp-content\/uploads\/2026\/04\/Mockup_Jahresbericht_2025-scaled.jpg","width":2560,"height":1792},{"@type":"BreadcrumbList","@id":"https:\/\/insurlab-germany.com\/der-insurlab-germany-jahresbericht-2025-ist-online\/#breadcrumb","itemListElement":[{"@type":"ListItem","position":1,"name":"Startseite","item":"https:\/\/insurlab-germany.com\/de\/"},{"@type":"ListItem","position":2,"name":"Der InsurLab Germany Jahresbericht 2025 ist online"}]},{"@type":"WebSite","@id":"https:\/\/insurlab-germany.com\/#website","url":"https:\/\/insurlab-germany.com\/","name":"InsurLab Germany","description":"Let's #InnovateInsurance!","publisher":{"@id":"https:\/\/insurlab-germany.com\/#organization"},"potentialAction":[{"@type":"SearchAction","target":{"@type":"EntryPoint","urlTemplate":"https:\/\/insurlab-germany.com\/?s={search_term_string}"},"query-input":{"@type":"PropertyValueSpecification","valueRequired":true,"valueName":"search_term_string"}}],"inLanguage":"en-US"},{"@type":"Organization","@id":"https:\/\/insurlab-germany.com\/#organization","name":"InsurLab Germany","url":"https:\/\/insurlab-germany.com\/","logo":{"@type":"ImageObject","inLanguage":"en-US","@id":"https:\/\/insurlab-germany.com\/#\/schema\/logo\/image\/","url":"https:\/\/insurlab-germany.com\/wp-content\/uploads\/2022\/03\/website_logo_ohnelink.png","contentUrl":"https:\/\/insurlab-germany.com\/wp-content\/uploads\/2022\/03\/website_logo_ohnelink.png","width":640,"height":245,"caption":"InsurLab Germany"},"image":{"@id":"https:\/\/insurlab-germany.com\/#\/schema\/logo\/image\/"},"sameAs":["https:\/\/www.facebook.com\/InsurLabGermany\/","https:\/\/x.com\/InsurLabDE","https:\/\/www.instagram.com\/insurlab_germany\/","https:\/\/www.linkedin.com\/company\/insurlab-germany-e-v"]},{"@type":"Person","@id":"https:\/\/insurlab-germany.com\/#\/schema\/person\/fdd72798b0b3ac61bf4978982a7ab154","name":"Thomas Kuckelkorn","image":{"@type":"ImageObject","inLanguage":"en-US","@id":"https:\/\/secure.gravatar.com\/avatar\/fbbb6fb505faf1691f8fefe4506f2c15a403d4c14f73718be0d40a1208950175?s=96&d=mm&r=g","url":"https:\/\/secure.gravatar.com\/avatar\/fbbb6fb505faf1691f8fefe4506f2c15a403d4c14f73718be0d40a1208950175?s=96&d=mm&r=g","contentUrl":"https:\/\/secure.gravatar.com\/avatar\/fbbb6fb505faf1691f8fefe4506f2c15a403d4c14f73718be0d40a1208950175?s=96&d=mm&r=g","caption":"Thomas Kuckelkorn"},"description":"Senior Manager Communication, Marketing and Events at InsurLab Germany e.V.","sameAs":["https:\/\/insurlab-germany.com","https:\/\/www.facebook.com\/ThomasKuckelkorn81\/","https:\/\/www.instagram.com\/t_kuckelkorn\/","https:\/\/www.linkedin.com\/in\/thomaskuckelkorn\/"],"url":"https:\/\/insurlab-germany.com\/en\/author\/insurlab\/"}]}},"_links":{"self":[{"href":"https:\/\/insurlab-germany.com\/en\/wp-json\/wp\/v2\/posts\/27477","targetHints":{"allow":["GET"]}}],"collection":[{"href":"https:\/\/insurlab-germany.com\/en\/wp-json\/wp\/v2\/posts"}],"about":[{"href":"https:\/\/insurlab-germany.com\/en\/wp-json\/wp\/v2\/types\/post"}],"author":[{"embeddable":true,"href":"https:\/\/insurlab-germany.com\/en\/wp-json\/wp\/v2\/users\/7"}],"replies":[{"embeddable":true,"href":"https:\/\/insurlab-germany.com\/en\/wp-json\/wp\/v2\/comments?post=27477"}],"version-history":[{"count":6,"href":"https:\/\/insurlab-germany.com\/en\/wp-json\/wp\/v2\/posts\/27477\/revisions"}],"predecessor-version":[{"id":27486,"href":"https:\/\/insurlab-germany.com\/en\/wp-json\/wp\/v2\/posts\/27477\/revisions\/27486"}],"wp:featuredmedia":[{"embeddable":true,"href":"https:\/\/insurlab-germany.com\/en\/wp-json\/wp\/v2\/media\/27470"}],"wp:attachment":[{"href":"https:\/\/insurlab-germany.com\/en\/wp-json\/wp\/v2\/media?parent=27477"}],"wp:term":[{"taxonomy":"category","embeddable":true,"href":"https:\/\/insurlab-germany.com\/en\/wp-json\/wp\/v2\/categories?post=27477"},{"taxonomy":"post_tag","embeddable":true,"href":"https:\/\/insurlab-germany.com\/en\/wp-json\/wp\/v2\/tags?post=27477"}],"curies":[{"name":"wp","href":"https:\/\/api.w.org\/{rel}","templated":true}]}}